{"id":1930,"date":"2023-07-04T17:02:35","date_gmt":"2023-07-04T20:02:35","guid":{"rendered":"https:\/\/consbelohorizonte.esteri.it\/?p=1930"},"modified":"2023-07-07T11:38:55","modified_gmt":"2023-07-07T14:38:55","slug":"atencao-ao-procedimento-para-os-agendamentos-para-a-cidadania-por-descendencia","status":"publish","type":"post","link":"https:\/\/consbelohorizonte.esteri.it\/pt\/news\/dal_consolato\/2023\/07\/atencao-ao-procedimento-para-os-agendamentos-para-a-cidadania-por-descendencia\/","title":{"rendered":"ATEN\u00c7\u00c3O AO PROCEDIMENTO PARA OS AGENDAMENTOS PARA A CIDADANIA POR DESCEND\u00caNCIA!!!"},"content":{"rendered":"<p>Lembramos que \u00e9 INDISPENS\u00c1VEL fazer o upload de um comprovante de resid\u00eancia em nome do requerente, para agendar um hor\u00e1rio para a entrega do pedido de reconhecimento da cidadania italiana por descend\u00eancia. Nos casos em que este documento esteja faltando, o agendamento <strong>ser\u00e1 cancelado<\/strong>.<\/p>\n","protected":false},"excerpt":{"rendered":"Lembramos que \u00e9 INDISPENS\u00c1VEL fazer o upload de um comprovante de resid\u00eancia em nome do requerente, para agendar um hor\u00e1rio para a entrega do pedido de reconhecimento da cidadania italiana por descend\u00eancia. Nos casos em que este documento esteja faltando, o agendamento ser\u00e1 cancelado.","protected":false},"author":20,"featured_media":1927,"comment_status":"closed","ping_status":"closed","sticky":false,"template":"","format":"standard","meta":{"footnotes":""},"tags":[],"class_list":["post-1930","post","type-post","status-publish","format-standard","has-post-thumbnail","hentry"],"_links":{"self":[{"href":"https:\/\/consbelohorizonte.esteri.it\/pt\/wp-json\/wp\/v2\/posts\/1930","targetHints":{"allow":["GET"]}}],"collection":[{"href":"https:\/\/consbelohorizonte.esteri.it\/pt\/wp-json\/wp\/v2\/posts"}],"about":[{"href":"https:\/\/consbelohorizonte.esteri.it\/pt\/wp-json\/wp\/v2\/types\/post"}],"author":[{"embeddable":true,"href":"https:\/\/consbelohorizonte.esteri.it\/pt\/wp-json\/wp\/v2\/users\/20"}],"replies":[{"embeddable":true,"href":"https:\/\/consbelohorizonte.esteri.it\/pt\/wp-json\/wp\/v2\/comments?post=1930"}],"version-history":[{"count":0,"href":"https:\/\/consbelohorizonte.esteri.it\/pt\/wp-json\/wp\/v2\/posts\/1930\/revisions"}],"wp:featuredmedia":[{"embeddable":true,"href":"https:\/\/consbelohorizonte.esteri.it\/pt\/wp-json\/wp\/v2\/media\/1927"}],"wp:attachment":[{"href":"https:\/\/consbelohorizonte.esteri.it\/pt\/wp-json\/wp\/v2\/media?parent=1930"}],"wp:term":[{"taxonomy":"post_tag","embeddable":true,"href":"https:\/\/consbelohorizonte.esteri.it\/pt\/wp-json\/wp\/v2\/tags?post=1930"}],"curies":[{"name":"wp","href":"https:\/\/api.w.org\/{rel}","templated":true}]}}