{"id":1800,"date":"2023-06-09T09:20:08","date_gmt":"2023-06-09T12:20:08","guid":{"rendered":"https:\/\/consbelohorizonte.esteri.it\/?p=1800"},"modified":"2023-06-09T09:21:25","modified_gmt":"2023-06-09T12:21:25","slug":"atualizacao-covid-19-para-entrar-no-brasil-nao-e-mais-necessario-apresentar-atestado-de-vacinacao-ou-resultado-negativo-de-teste-anti-covid-19","status":"publish","type":"post","link":"https:\/\/consbelohorizonte.esteri.it\/pt\/news\/dal_consolato\/2023\/06\/atualizacao-covid-19-para-entrar-no-brasil-nao-e-mais-necessario-apresentar-atestado-de-vacinacao-ou-resultado-negativo-de-teste-anti-covid-19\/","title":{"rendered":"Atualiza\u00e7\u00e3o Covid-19: para entrar no Brasil n\u00e3o \u00e9 mais necess\u00e1rio apresentar atestado de vacina\u00e7\u00e3o ou resultado negativo de teste anti-Covid-19"},"content":{"rendered":"<p>A partir de 21 de maio de 2023, a Ag\u00eancia Nacional de Vigil\u00e2ncia Sanit\u00e1ria &#8211; ANVISA esclareceu que, ap\u00f3s a declara\u00e7\u00e3o da cessa\u00e7\u00e3o de Emerg\u00eancia de Sa\u00fade P\u00fablica de Interesse Internacional pela competente Organiza\u00e7\u00e3o Mundial da Sa\u00fade &#8211; OMS, os viajantes que entrarem no Brasil, vindo do exterior, n\u00e3o precisar\u00e3o mais apresentar comprovante de vacina\u00e7\u00e3o ou teste negativo para Covid-19.<\/p>\n","protected":false},"excerpt":{"rendered":"A partir de 21 de maio de 2023, a Ag\u00eancia Nacional de Vigil\u00e2ncia Sanit\u00e1ria &#8211; ANVISA esclareceu que, ap\u00f3s a declara\u00e7\u00e3o da cessa\u00e7\u00e3o de Emerg\u00eancia de Sa\u00fade P\u00fablica de Interesse Internacional pela competente Organiza\u00e7\u00e3o Mundial da Sa\u00fade &#8211; OMS, os viajantes que entrarem no Brasil, vindo do exterior, n\u00e3o precisar\u00e3o mais apresentar comprovante de vacina\u00e7\u00e3o [&hellip;]","protected":false},"author":20,"featured_media":0,"comment_status":"closed","ping_status":"closed","sticky":false,"template":"","format":"standard","meta":{"footnotes":""},"tags":[],"class_list":["post-1800","post","type-post","status-publish","format-standard","hentry"],"_links":{"self":[{"href":"https:\/\/consbelohorizonte.esteri.it\/pt\/wp-json\/wp\/v2\/posts\/1800","targetHints":{"allow":["GET"]}}],"collection":[{"href":"https:\/\/consbelohorizonte.esteri.it\/pt\/wp-json\/wp\/v2\/posts"}],"about":[{"href":"https:\/\/consbelohorizonte.esteri.it\/pt\/wp-json\/wp\/v2\/types\/post"}],"author":[{"embeddable":true,"href":"https:\/\/consbelohorizonte.esteri.it\/pt\/wp-json\/wp\/v2\/users\/20"}],"replies":[{"embeddable":true,"href":"https:\/\/consbelohorizonte.esteri.it\/pt\/wp-json\/wp\/v2\/comments?post=1800"}],"version-history":[{"count":0,"href":"https:\/\/consbelohorizonte.esteri.it\/pt\/wp-json\/wp\/v2\/posts\/1800\/revisions"}],"wp:attachment":[{"href":"https:\/\/consbelohorizonte.esteri.it\/pt\/wp-json\/wp\/v2\/media?parent=1800"}],"wp:term":[{"taxonomy":"post_tag","embeddable":true,"href":"https:\/\/consbelohorizonte.esteri.it\/pt\/wp-json\/wp\/v2\/tags?post=1800"}],"curies":[{"name":"wp","href":"https:\/\/api.w.org\/{rel}","templated":true}]}}