{"id":1694,"date":"2023-05-18T16:01:29","date_gmt":"2023-05-18T19:01:29","guid":{"rendered":"https:\/\/consbelohorizonte.esteri.it\/?p=1694"},"modified":"2023-05-18T16:03:53","modified_gmt":"2023-05-18T19:03:53","slug":"vivo-darte-2023","status":"publish","type":"post","link":"https:\/\/consbelohorizonte.esteri.it\/pt\/news\/dal_consolato\/2023\/05\/vivo-darte-2023\/","title":{"rendered":"VIVO D&#8217;ARTE 2023"},"content":{"rendered":"<h2 style=\"text-align: justify;\"><strong>Quinta edi\u00e7\u00e3o do pr\u00eamio \u201cVivo d\u2019Arte\u201d para artistas italianos residentes no exterior<\/strong><\/h2>\n<p style=\"text-align: justify;\"><strong>Inicia-se a quinta edi\u00e7\u00e3o do concurso-pr\u00eamio \u201cVivo d\u2019Arte\u201d, promovido pelo MAECI em colabora\u00e7\u00e3o com a Funda\u00e7\u00e3o Romaeuropa<\/strong><strong>, dedicado aos jovens artistas italianos residentes no exterior e inscritos no AIRE.<\/strong><\/p>\n","protected":false},"excerpt":{"rendered":"Quinta edi\u00e7\u00e3o do pr\u00eamio \u201cVivo d\u2019Arte\u201d para artistas italianos residentes no exterior Inicia-se a quinta edi\u00e7\u00e3o do concurso-pr\u00eamio \u201cVivo d\u2019Arte\u201d, promovido pelo MAECI em colabora\u00e7\u00e3o com a Funda\u00e7\u00e3o Romaeuropa, dedicado aos jovens artistas italianos residentes no exterior e inscritos no AIRE.","protected":false},"author":20,"featured_media":1687,"comment_status":"closed","ping_status":"closed","sticky":false,"template":"","format":"standard","meta":{"footnotes":""},"tags":[],"class_list":["post-1694","post","type-post","status-publish","format-standard","has-post-thumbnail","hentry"],"_links":{"self":[{"href":"https:\/\/consbelohorizonte.esteri.it\/pt\/wp-json\/wp\/v2\/posts\/1694","targetHints":{"allow":["GET"]}}],"collection":[{"href":"https:\/\/consbelohorizonte.esteri.it\/pt\/wp-json\/wp\/v2\/posts"}],"about":[{"href":"https:\/\/consbelohorizonte.esteri.it\/pt\/wp-json\/wp\/v2\/types\/post"}],"author":[{"embeddable":true,"href":"https:\/\/consbelohorizonte.esteri.it\/pt\/wp-json\/wp\/v2\/users\/20"}],"replies":[{"embeddable":true,"href":"https:\/\/consbelohorizonte.esteri.it\/pt\/wp-json\/wp\/v2\/comments?post=1694"}],"version-history":[{"count":0,"href":"https:\/\/consbelohorizonte.esteri.it\/pt\/wp-json\/wp\/v2\/posts\/1694\/revisions"}],"wp:featuredmedia":[{"embeddable":true,"href":"https:\/\/consbelohorizonte.esteri.it\/pt\/wp-json\/wp\/v2\/media\/1687"}],"wp:attachment":[{"href":"https:\/\/consbelohorizonte.esteri.it\/pt\/wp-json\/wp\/v2\/media?parent=1694"}],"wp:term":[{"taxonomy":"post_tag","embeddable":true,"href":"https:\/\/consbelohorizonte.esteri.it\/pt\/wp-json\/wp\/v2\/tags?post=1694"}],"curies":[{"name":"wp","href":"https:\/\/api.w.org\/{rel}","templated":true}]}}