{"id":1557,"date":"2023-05-04T15:20:01","date_gmt":"2023-05-04T18:20:01","guid":{"rendered":"https:\/\/consbelohorizonte.esteri.it\/?p=1557"},"modified":"2023-05-09T07:39:47","modified_gmt":"2023-05-09T10:39:47","slug":"aposentadorias-e-pensoes-inps-campanha-de-prova-de-vida-2023-2024","status":"publish","type":"post","link":"https:\/\/consbelohorizonte.esteri.it\/pt\/news\/dal_consolato\/2023\/05\/aposentadorias-e-pensoes-inps-campanha-de-prova-de-vida-2023-2024\/","title":{"rendered":"APOSENTADORIAS E PENS\u00d5ES INPS: CAMPANHA DE PROVA DE VIDA 2023\/2024"},"content":{"rendered":"<div class=\"entry-content\">\n<p style=\"text-align: justify;\">O Instituto Nacional de Previd\u00eancia Social da It\u00e1lia \u2013 INPS, anunciou o in\u00edcio da campanha de prova de vida 2023\/2024.<\/p>\n<p style=\"text-align: justify;\">Os residentes no Brasil que s\u00e3o benefici\u00e1rios de aposentadorias e pens\u00f5es concedida pelo INPS, receber\u00e3o de agora at\u00e9 julho uma carta explicativa juntamente com um formul\u00e1rio padr\u00e3o (<strong>fac-simile<\/strong>), que dever\u00e1 ser devidamente preenchido e enviado conforme instru\u00e7\u00f5es fornecidas no pr\u00f3prio envelope.<\/p>\n<p style=\"text-align: justify;\">O preenchimento e entrega dessa declara\u00e7\u00e3o possibilitar\u00e1 a continuidade do pagamento dos benef\u00edcios at\u00e9 a pr\u00f3xima campanha.<\/p>\n<\/div>\n","protected":false},"excerpt":{"rendered":"O Instituto Nacional de Previd\u00eancia Social da It\u00e1lia \u2013 INPS, anunciou o in\u00edcio da campanha de prova de vida 2023\/2024. Os residentes no Brasil que s\u00e3o benefici\u00e1rios de aposentadorias e pens\u00f5es concedida pelo INPS, receber\u00e3o de agora at\u00e9 julho uma carta explicativa juntamente com um formul\u00e1rio padr\u00e3o (fac-simile), que dever\u00e1 ser devidamente preenchido e enviado [&hellip;]","protected":false},"author":7,"featured_media":0,"comment_status":"closed","ping_status":"closed","sticky":false,"template":"","format":"standard","meta":{"footnotes":""},"tags":[],"class_list":["post-1557","post","type-post","status-publish","format-standard","hentry"],"_links":{"self":[{"href":"https:\/\/consbelohorizonte.esteri.it\/pt\/wp-json\/wp\/v2\/posts\/1557","targetHints":{"allow":["GET"]}}],"collection":[{"href":"https:\/\/consbelohorizonte.esteri.it\/pt\/wp-json\/wp\/v2\/posts"}],"about":[{"href":"https:\/\/consbelohorizonte.esteri.it\/pt\/wp-json\/wp\/v2\/types\/post"}],"author":[{"embeddable":true,"href":"https:\/\/consbelohorizonte.esteri.it\/pt\/wp-json\/wp\/v2\/users\/7"}],"replies":[{"embeddable":true,"href":"https:\/\/consbelohorizonte.esteri.it\/pt\/wp-json\/wp\/v2\/comments?post=1557"}],"version-history":[{"count":0,"href":"https:\/\/consbelohorizonte.esteri.it\/pt\/wp-json\/wp\/v2\/posts\/1557\/revisions"}],"wp:attachment":[{"href":"https:\/\/consbelohorizonte.esteri.it\/pt\/wp-json\/wp\/v2\/media?parent=1557"}],"wp:term":[{"taxonomy":"post_tag","embeddable":true,"href":"https:\/\/consbelohorizonte.esteri.it\/pt\/wp-json\/wp\/v2\/tags?post=1557"}],"curies":[{"name":"wp","href":"https:\/\/api.w.org\/{rel}","templated":true}]}}