{"id":1432,"date":"2017-01-09T14:05:16","date_gmt":"2017-01-09T13:05:16","guid":{"rendered":"https:\/\/consbelohorizonte.esteri.it\/news\/dal_consolato\/2017\/01\/calendario-di-pagamento-dei-trattamenti-2\/"},"modified":"2017-01-09T14:05:16","modified_gmt":"2017-01-09T13:05:16","slug":"calendario-di-pagamento-dei-trattamenti-2","status":"publish","type":"post","link":"https:\/\/consbelohorizonte.esteri.it\/pt\/news\/dal_consolato\/2017\/01\/calendario-di-pagamento-dei-trattamenti-2\/","title":{"rendered":"CALENDARIO DI PAGAMENTO DEI TRATTAMENTI PENSIONISTICI AI TITOLARI RESIDENTI ALL&#8217;ESTERO."},"content":{"rendered":"<p>Si comunica che l&#8217;INPS ha confermato in data odierna che, a seguito dell&#8217;approvazione del decreto legge 30 dicembre 2016, n. 244 (c.d. &#8220;decreto milleproroghe&#8221;), \u00e8 stata modificata la norma (art. 6 del decreto legge 21 maggio 2015,n.65) che prevedeva che dal 2017 il pagamento dei trattamenti pensionistici sarebbe avvenuto il secondo giorno feriale di apertura delle banche di ciascun mese (cosiddetto &#8220;bancabile&#8221;).<\/p>\n<p>Ci\u00f2 comporta il ripristino del pagamento delle prestazioni il primo giorno feriale di apertura delle banche, cos\u00ec come avvenuto nel 2015 e 2016, con l&#8217;eccezione del corrente mese di gennaio, per il quale il pagamento \u00e8 avvenuto il secondo giorno &#8220;bancabile&#8221;, e cio\u00e8 il 3 gennaio 2017.<\/p>\n","protected":false},"excerpt":{"rendered":"Si comunica che l&#8217;INPS ha confermato in data odierna che, a seguito dell&#8217;approvazione del decreto legge 30 dicembre 2016, n. 244 (c.d. &#8220;decreto milleproroghe&#8221;), \u00e8 stata modificata la norma (art. 6 del decreto legge 21 maggio 2015,n.65) che prevedeva che dal 2017 il pagamento dei trattamenti pensionistici sarebbe avvenuto il secondo giorno feriale di apertura [&hellip;]","protected":false},"author":1,"featured_media":0,"comment_status":"","ping_status":"","sticky":false,"template":"","format":"standard","meta":{"footnotes":""},"tags":[],"class_list":["post-1432","post","type-post","status-publish","format-standard","hentry"],"_links":{"self":[{"href":"https:\/\/consbelohorizonte.esteri.it\/pt\/wp-json\/wp\/v2\/posts\/1432","targetHints":{"allow":["GET"]}}],"collection":[{"href":"https:\/\/consbelohorizonte.esteri.it\/pt\/wp-json\/wp\/v2\/posts"}],"about":[{"href":"https:\/\/consbelohorizonte.esteri.it\/pt\/wp-json\/wp\/v2\/types\/post"}],"author":[{"embeddable":true,"href":"https:\/\/consbelohorizonte.esteri.it\/pt\/wp-json\/wp\/v2\/users\/1"}],"replies":[{"embeddable":true,"href":"https:\/\/consbelohorizonte.esteri.it\/pt\/wp-json\/wp\/v2\/comments?post=1432"}],"version-history":[{"count":0,"href":"https:\/\/consbelohorizonte.esteri.it\/pt\/wp-json\/wp\/v2\/posts\/1432\/revisions"}],"wp:attachment":[{"href":"https:\/\/consbelohorizonte.esteri.it\/pt\/wp-json\/wp\/v2\/media?parent=1432"}],"wp:term":[{"taxonomy":"post_tag","embeddable":true,"href":"https:\/\/consbelohorizonte.esteri.it\/pt\/wp-json\/wp\/v2\/tags?post=1432"}],"curies":[{"name":"wp","href":"https:\/\/api.w.org\/{rel}","templated":true}]}}