{"id":1420,"date":"2017-02-02T20:28:37","date_gmt":"2017-02-02T19:28:37","guid":{"rendered":"https:\/\/consbelohorizonte.esteri.it\/news\/dal_consolato\/2017\/02\/finale-di-sanremo-2017-al-bar-do-2\/"},"modified":"2017-02-02T20:28:37","modified_gmt":"2017-02-02T19:28:37","slug":"finale-di-sanremo-2017-al-bar-do-2","status":"publish","type":"post","link":"https:\/\/consbelohorizonte.esteri.it\/pt\/news\/dal_consolato\/2017\/02\/finale-di-sanremo-2017-al-bar-do-2\/","title":{"rendered":"Final de Sanremo 2017 no Bar do Museu Clube da Esquina"},"content":{"rendered":"<p style=\"text-align: justify;\"><img loading=\"lazy\" decoding=\"async\" src=\"resource\/img\/2017\/02\/sanremo_2017_-_invito_0.jpg\" alt=\"sanremo 2017 invito 0\" width=\"759\" height=\"921\" \/><\/p>\n<p style=\"text-align: justify;\">No long\u00ednquo ano de 1951, Nilla Pizzi cantava, com voz doce e triste, um inesquec\u00edvel \u00edcone da m\u00fasica popular italiana do p\u00f3s-guerra: \u201cGrazie dei fior\u201d (Obrigada pelas flores). E, com esta can\u00e7\u00e3o de amor, vencia a primeira edi\u00e7\u00e3o do que viria a ser a vitrine musical mais seguida e mais amada da It\u00e1lia: o Festival da Can\u00e7\u00e3o Italiana, mais conhecido como Festival de Sanremo, refer\u00eancia ao nome da espl\u00eandida cidade que desde sempre o sediou.<\/p>\n<p>Uma evolu\u00e7\u00e3o natural do melodrama italiano, que se tornou famoso em todo o mundo, as can\u00e7\u00f5es de Sanremo s\u00e3o caracterizadas pelo estilo mel\u00f3dico-cl\u00e1ssico, pela estrutura padr\u00e3o e pelas letras com conte\u00fado passional, quase sempre relacionadas a temas amorosos.<\/p>\n<p>Desde ent\u00e3o, h\u00e1 65 anos ininterruptos, os italianos acompanham com grande interesse este evento anual da can\u00e7\u00e3o popular italiana \u2013 tendo alcan\u00e7ado audi\u00eancia de 17 milh\u00f5es de telespectadores em uma \u00fanica noite &#8211; para n\u00e3o perder as novidades dos grandes nomes da m\u00fasica popular italiana como Claudio Villa, Nunzio Gallo, Domenico Modugno, Gigliola Cinquetti, Sergio Endrigo, Adriano Celentano, Toto Cutugno, Gianni Morandi, Matia Bazar, e tantos, tantos outros.<\/p>\n<p>Este ano, como em todos os outros, o Festival ser\u00e1 transmitido do legend\u00e1rio Teatro Ariston, do dia 7 ao dia 11 de fevereiro e acreditamos que esta seja uma excelente ocasi\u00e3o para reunir italianos e apaixonados pela m\u00fasica italiana. Por este motivo, o Consulado da It\u00e1lia em Belo Horizonte organiza, dentro do Projeto \u201cSou do Mundo, Sou Minas Gerais\u201d, a proje\u00e7\u00e3o, a partir das 17:30, da \u00faltima noite da 67\u00aa edi\u00e7\u00e3o do Festival de Sanremo, no dia 11 de fevereiro, no Bar do Museu Clube da Esquina, localizado na Rua Parais\u00f3polis, 738, no tradicional bairro da boemia belo-horizontina, Santa Tereza.<\/p>\n<p>Ingressos antecipados:http:\/\/www.ticketfacil.com.br\/eventos\/bar-do-museu-noite-sou-do-mundo-sou-minas-gerais.aspx.<\/p>\n<p>Contamos com a sua presen\u00e7a!<\/p>\n","protected":false},"excerpt":{"rendered":"No long\u00ednquo ano de 1951, Nilla Pizzi cantava, com voz doce e triste, um inesquec\u00edvel \u00edcone da m\u00fasica popular italiana do p\u00f3s-guerra: \u201cGrazie dei fior\u201d (Obrigada pelas flores). E, com esta can\u00e7\u00e3o de amor, vencia a primeira edi\u00e7\u00e3o do que viria a ser a vitrine musical mais seguida e mais amada da It\u00e1lia: o Festival [&hellip;]","protected":false},"author":1,"featured_media":0,"comment_status":"","ping_status":"","sticky":false,"template":"","format":"standard","meta":{"footnotes":""},"tags":[],"class_list":["post-1420","post","type-post","status-publish","format-standard","hentry"],"_links":{"self":[{"href":"https:\/\/consbelohorizonte.esteri.it\/pt\/wp-json\/wp\/v2\/posts\/1420","targetHints":{"allow":["GET"]}}],"collection":[{"href":"https:\/\/consbelohorizonte.esteri.it\/pt\/wp-json\/wp\/v2\/posts"}],"about":[{"href":"https:\/\/consbelohorizonte.esteri.it\/pt\/wp-json\/wp\/v2\/types\/post"}],"author":[{"embeddable":true,"href":"https:\/\/consbelohorizonte.esteri.it\/pt\/wp-json\/wp\/v2\/users\/1"}],"replies":[{"embeddable":true,"href":"https:\/\/consbelohorizonte.esteri.it\/pt\/wp-json\/wp\/v2\/comments?post=1420"}],"version-history":[{"count":0,"href":"https:\/\/consbelohorizonte.esteri.it\/pt\/wp-json\/wp\/v2\/posts\/1420\/revisions"}],"wp:attachment":[{"href":"https:\/\/consbelohorizonte.esteri.it\/pt\/wp-json\/wp\/v2\/media?parent=1420"}],"wp:term":[{"taxonomy":"post_tag","embeddable":true,"href":"https:\/\/consbelohorizonte.esteri.it\/pt\/wp-json\/wp\/v2\/tags?post=1420"}],"curies":[{"name":"wp","href":"https:\/\/api.w.org\/{rel}","templated":true}]}}