{"id":1404,"date":"2017-03-08T20:07:39","date_gmt":"2017-03-08T19:07:39","guid":{"rendered":"https:\/\/consbelohorizonte.esteri.it\/news\/dal_consolato\/2017\/03\/rassegna-cinematografica-i-classici-2\/"},"modified":"2017-03-08T20:07:39","modified_gmt":"2017-03-08T19:07:39","slug":"rassegna-cinematografica-i-classici-2","status":"publish","type":"post","link":"https:\/\/consbelohorizonte.esteri.it\/pt\/news\/dal_consolato\/2017\/03\/rassegna-cinematografica-i-classici-2\/","title":{"rendered":"Mostra Cinematografica: Classicos Italianos &#8211; Palacio das Artes &#8211; Cine Humberto Mauro (17 fevereiro &#8211; 24 mar\u00e7o)"},"content":{"rendered":"<p>Fruto da colabora\u00e7\u00e3o entre Funda\u00e7\u00e3o Clovis Salgado, Consulado da Italia em Belo Horizonte e Instituto Italiano de Cultura em S\u00e3o Paulo, foi inagurada no ultimo 17 de fevereiro a mostra cinematografica &#8220;Classicos Italianos&#8221;. At\u00e9 o dia 24 de mar\u00e7o, no Cine Humberto Mauro, poder\u00e3o assistir\u00a0ao melhor do\u00a0cinema italiano a partir dos anos Quaranta &#8212; ingresso franco. Para a programa\u00e7\u00e3o completa, <a href=\"http:\/\/fcs.mg.gov.br\/index.php?option=com_gmg&#038;controller=event&#038;id=2362-classicos-italianos\">clique aqui<\/a>. <\/p>\n<p><img decoding=\"async\" src=\"resource\/img\/2017\/03\/mjfg9837.jpg\" alt=\"mjfg9837\" \/><\/p>\n","protected":false},"excerpt":{"rendered":"Fruto da colabora\u00e7\u00e3o entre Funda\u00e7\u00e3o Clovis Salgado, Consulado da Italia em Belo Horizonte e Instituto Italiano de Cultura em S\u00e3o Paulo, foi inagurada no ultimo 17 de fevereiro a mostra cinematografica &#8220;Classicos Italianos&#8221;. At\u00e9 o dia 24 de mar\u00e7o, no Cine Humberto Mauro, poder\u00e3o assistir\u00a0ao melhor do\u00a0cinema italiano a partir dos anos Quaranta &#8212; ingresso [&hellip;]","protected":false},"author":1,"featured_media":0,"comment_status":"","ping_status":"","sticky":false,"template":"","format":"standard","meta":{"footnotes":""},"tags":[],"class_list":["post-1404","post","type-post","status-publish","format-standard","hentry"],"_links":{"self":[{"href":"https:\/\/consbelohorizonte.esteri.it\/pt\/wp-json\/wp\/v2\/posts\/1404","targetHints":{"allow":["GET"]}}],"collection":[{"href":"https:\/\/consbelohorizonte.esteri.it\/pt\/wp-json\/wp\/v2\/posts"}],"about":[{"href":"https:\/\/consbelohorizonte.esteri.it\/pt\/wp-json\/wp\/v2\/types\/post"}],"author":[{"embeddable":true,"href":"https:\/\/consbelohorizonte.esteri.it\/pt\/wp-json\/wp\/v2\/users\/1"}],"replies":[{"embeddable":true,"href":"https:\/\/consbelohorizonte.esteri.it\/pt\/wp-json\/wp\/v2\/comments?post=1404"}],"version-history":[{"count":0,"href":"https:\/\/consbelohorizonte.esteri.it\/pt\/wp-json\/wp\/v2\/posts\/1404\/revisions"}],"wp:attachment":[{"href":"https:\/\/consbelohorizonte.esteri.it\/pt\/wp-json\/wp\/v2\/media?parent=1404"}],"wp:term":[{"taxonomy":"post_tag","embeddable":true,"href":"https:\/\/consbelohorizonte.esteri.it\/pt\/wp-json\/wp\/v2\/tags?post=1404"}],"curies":[{"name":"wp","href":"https:\/\/api.w.org\/{rel}","templated":true}]}}