{"id":1400,"date":"2017-03-08T20:30:18","date_gmt":"2017-03-08T19:30:18","guid":{"rendered":"https:\/\/consbelohorizonte.esteri.it\/news\/dal_consolato\/2017\/03\/giornata-internazionale-della-donna-2\/"},"modified":"2017-03-08T20:30:18","modified_gmt":"2017-03-08T19:30:18","slug":"giornata-internazionale-della-donna-2","status":"publish","type":"post","link":"https:\/\/consbelohorizonte.esteri.it\/pt\/news\/dal_consolato\/2017\/03\/giornata-internazionale-della-donna-2\/","title":{"rendered":"Dia Internacional da Mulher &#8211; colabora\u00e7\u00e3o com Camera Municipal de BH"},"content":{"rendered":"<p>Para comemorar o Dia Internacional da Mulher al\u00e9m do dia\u00a08 de mar\u00e7o, a C\u00f4nsul Aurora Russi promoveu um seminario internacional sobre a valoriza\u00e7\u00e3o e a participa\u00e7\u00e3o da Mulher no S\u00e9culo XXI, junto com a Vereadora Marilda Portela e\u00a0as colegas C\u00f4nsules de Portugal,\u00a0Uruguay e Estados Unidos em Minas Gerais.<\/p>\n<p>O evento acontecer\u00e1 na Camara Municipal de Belo Horizonte no proximo\u00a0dia 23 de maio, com o apoio do Presidente da Camara Henrique Braga. Entretanto, as quatro C\u00f4nsules visitaram a C\u00e2mara Municipal, onde foram homenageadas com uma targa comemorativa.<\/p>\n<p>Todo o Consulado aproveita desta data simbolica para desejar um \u00f3timo Dia da Mulher a todas as mulheres de Minas Gerais e em particular a umas mulheres especiais que representam as principais institui\u00e7\u00f5es italianas neste Estado:\u00a0a Presidente do Comites Silvana Sica, a Conselheira CGIE Silvia Alciati e\u00a0a Diretora da Funda\u00e7\u00e3o Torino Marcia Naves. Parabens!<\/p>\n<p><img decoding=\"async\" alt=\"presidente cmbh\" src=\"resource\/img\/2017\/03\/presidente_cmbh.jpg\" \/><\/p>\n<p>\u00a0<img decoding=\"async\" alt=\"targa auro\" src=\"resource\/img\/2017\/03\/targa_auro.jpg\" \/><\/p>\n","protected":false},"excerpt":{"rendered":"Para comemorar o Dia Internacional da Mulher al\u00e9m do dia\u00a08 de mar\u00e7o, a C\u00f4nsul Aurora Russi promoveu um seminario internacional sobre a valoriza\u00e7\u00e3o e a participa\u00e7\u00e3o da Mulher no S\u00e9culo XXI, junto com a Vereadora Marilda Portela e\u00a0as colegas C\u00f4nsules de Portugal,\u00a0Uruguay e Estados Unidos em Minas Gerais. O evento acontecer\u00e1 na Camara Municipal de [&hellip;]","protected":false},"author":1,"featured_media":0,"comment_status":"","ping_status":"","sticky":false,"template":"","format":"standard","meta":{"footnotes":""},"tags":[],"class_list":["post-1400","post","type-post","status-publish","format-standard","hentry"],"_links":{"self":[{"href":"https:\/\/consbelohorizonte.esteri.it\/pt\/wp-json\/wp\/v2\/posts\/1400","targetHints":{"allow":["GET"]}}],"collection":[{"href":"https:\/\/consbelohorizonte.esteri.it\/pt\/wp-json\/wp\/v2\/posts"}],"about":[{"href":"https:\/\/consbelohorizonte.esteri.it\/pt\/wp-json\/wp\/v2\/types\/post"}],"author":[{"embeddable":true,"href":"https:\/\/consbelohorizonte.esteri.it\/pt\/wp-json\/wp\/v2\/users\/1"}],"replies":[{"embeddable":true,"href":"https:\/\/consbelohorizonte.esteri.it\/pt\/wp-json\/wp\/v2\/comments?post=1400"}],"version-history":[{"count":0,"href":"https:\/\/consbelohorizonte.esteri.it\/pt\/wp-json\/wp\/v2\/posts\/1400\/revisions"}],"wp:attachment":[{"href":"https:\/\/consbelohorizonte.esteri.it\/pt\/wp-json\/wp\/v2\/media?parent=1400"}],"wp:term":[{"taxonomy":"post_tag","embeddable":true,"href":"https:\/\/consbelohorizonte.esteri.it\/pt\/wp-json\/wp\/v2\/tags?post=1400"}],"curies":[{"name":"wp","href":"https:\/\/api.w.org\/{rel}","templated":true}]}}