{"id":1398,"date":"2017-03-09T18:39:40","date_gmt":"2017-03-09T17:39:40","guid":{"rendered":"https:\/\/consbelohorizonte.esteri.it\/news\/dal_consolato\/2017\/03\/riunione-del-sistema-italia-di_0-2\/"},"modified":"2017-03-09T18:39:40","modified_gmt":"2017-03-09T17:39:40","slug":"riunione-del-sistema-italia-di_0-2","status":"publish","type":"post","link":"https:\/\/consbelohorizonte.esteri.it\/pt\/news\/dal_consolato\/2017\/03\/riunione-del-sistema-italia-di_0-2\/","title":{"rendered":"Reuni\u00e3o do &#8220;Sistema Italia&#8221; de Minas Gerais"},"content":{"rendered":"<p>No dia 8 de fevereiro, a C\u00f4nsul Aurora Russi reuniu no Consulado da Italia as principais institui\u00e7\u00f5es italianas de Belo Horizonte e Minas Gerais, para coordenar a programa\u00e7\u00e3o das atividades de promo\u00e7\u00e3o cultural, economica, comercial e social. Durante a reuni\u00e3o foram apresentados o Dia Nacional do Imigrante Italiano, o Dia do Design, a Festa Tradicional Italiana, o Dia Nacional da Italia.<\/p>\n<p>Participaram do encontro representantes de: Comites, CGIE, ACIBRA, Camara de Comercio, Funda\u00e7\u00e3o Torino e a leitora italiana da UFMG profa Rosalba Principato.<\/p>\n<p>A proxima reuni\u00e3o ser\u00e1 convocada no inicio do segundo semestre.<\/p>\n<p>\u00a0<\/p>\n<p>\u00a0<\/p>\n","protected":false},"excerpt":{"rendered":"No dia 8 de fevereiro, a C\u00f4nsul Aurora Russi reuniu no Consulado da Italia as principais institui\u00e7\u00f5es italianas de Belo Horizonte e Minas Gerais, para coordenar a programa\u00e7\u00e3o das atividades de promo\u00e7\u00e3o cultural, economica, comercial e social. Durante a reuni\u00e3o foram apresentados o Dia Nacional do Imigrante Italiano, o Dia do Design, a Festa Tradicional [&hellip;]","protected":false},"author":1,"featured_media":0,"comment_status":"","ping_status":"","sticky":false,"template":"","format":"standard","meta":{"footnotes":""},"tags":[],"class_list":["post-1398","post","type-post","status-publish","format-standard","hentry"],"_links":{"self":[{"href":"https:\/\/consbelohorizonte.esteri.it\/pt\/wp-json\/wp\/v2\/posts\/1398","targetHints":{"allow":["GET"]}}],"collection":[{"href":"https:\/\/consbelohorizonte.esteri.it\/pt\/wp-json\/wp\/v2\/posts"}],"about":[{"href":"https:\/\/consbelohorizonte.esteri.it\/pt\/wp-json\/wp\/v2\/types\/post"}],"author":[{"embeddable":true,"href":"https:\/\/consbelohorizonte.esteri.it\/pt\/wp-json\/wp\/v2\/users\/1"}],"replies":[{"embeddable":true,"href":"https:\/\/consbelohorizonte.esteri.it\/pt\/wp-json\/wp\/v2\/comments?post=1398"}],"version-history":[{"count":0,"href":"https:\/\/consbelohorizonte.esteri.it\/pt\/wp-json\/wp\/v2\/posts\/1398\/revisions"}],"wp:attachment":[{"href":"https:\/\/consbelohorizonte.esteri.it\/pt\/wp-json\/wp\/v2\/media?parent=1398"}],"wp:term":[{"taxonomy":"post_tag","embeddable":true,"href":"https:\/\/consbelohorizonte.esteri.it\/pt\/wp-json\/wp\/v2\/tags?post=1398"}],"curies":[{"name":"wp","href":"https:\/\/api.w.org\/{rel}","templated":true}]}}