{"id":1396,"date":"2017-03-09T18:59:02","date_gmt":"2017-03-09T17:59:02","guid":{"rendered":"https:\/\/consbelohorizonte.esteri.it\/news\/dal_consolato\/2017\/03\/belo-horizonte-ed-il-terzo-settore-2\/"},"modified":"2017-03-09T18:59:02","modified_gmt":"2017-03-09T17:59:02","slug":"belo-horizonte-ed-il-terzo-settore-2","status":"publish","type":"post","link":"https:\/\/consbelohorizonte.esteri.it\/pt\/news\/dal_consolato\/2017\/03\/belo-horizonte-ed-il-terzo-settore-2\/","title":{"rendered":"Belo Horizonte e o &#8220;terceiro setor&#8221;: visita do Embaixador Bernardini"},"content":{"rendered":"<p>Sabado 4 e domingo 5 de mar\u00e7o, o Embaixador da Italia no Brasil, Antonio\u00a0Bernardini, com a esposa D. Ornella e o Ministro Conselheiro da Embaixada Filippo La Rosa, viajaram a Belo Horizonte para conhecer umas das mais importantes realidades de solidaridade e coopera\u00e7\u00e3o italiana em Minas Gerais.<\/p>\n<p>A primeira etapa foi a APAC de Nova Lima, que foi visitada com Fabrizio Pellicelli, Diretor Geral da AVSI Brasil, e Jacopo Sabatiello, direttore da AVSI Minas Gerais.<\/p>\n<p>A segunda parte da visita foi a participa\u00e7\u00e3o do Embaixador \u00e0 festa de comemora\u00e7\u00e3o dos 50 anos no Brasil da misionaria italiana Rosa Brambilla, fundadora das Obras Educativas do Padre Giussani. Participaram do evento mais de 350 pessoas, entre elas diversos representantes da coletividade italiana de Belo Horizonte e a Conselheira CGIE Silvia Alciati.<\/p>\n<p>Na\u00a0visita do Embaixador\u00a0a Belo Horizonte, ele manteve tambem encontros informais com o Prefeito de Betim Vittorio Medioli, e o Presidente da Casa Fiat de Cultura Jos\u00e9 Eduardo de Lima Pereira.<\/p>\n<p>\u00a0<\/p>\n<p>Un momento da visita na APAC:<br \/><img decoding=\"async\" src=\"resource\/img\/2017\/03\/apac.jpg\" alt=\"apac\" \/><\/p>\n<p>\u00a0<\/p>\n<p>\u00a0<\/p>\n<p>Un momento das comemora\u00e7\u00f5es para Rosetta Brambilla:<br \/><img decoding=\"async\" src=\"resource\/img\/2017\/03\/img_0256.jpg\" alt=\"img 0256\" \/><\/p>\n<p>O encontro com Vittorio Medioli:<br \/><img decoding=\"async\" src=\"resource\/img\/2017\/03\/sada.jpg\" alt=\"sada\" \/><\/p>\n<p>\u00a0<\/p>\n<p>\u00a0<\/p>\n<p>O encontro com o Presidente da Casa Fiat de Cultura Jos\u00e9 Eduardo de Lima Pereira:<br \/><img decoding=\"async\" src=\"resource\/img\/2017\/03\/casa_fiat.jpg\" alt=\"casa fiat\" \/><\/p>\n<p>\u00a0<\/p>\n","protected":false},"excerpt":{"rendered":"Sabado 4 e domingo 5 de mar\u00e7o, o Embaixador da Italia no Brasil, Antonio\u00a0Bernardini, com a esposa D. Ornella e o Ministro Conselheiro da Embaixada Filippo La Rosa, viajaram a Belo Horizonte para conhecer umas das mais importantes realidades de solidaridade e coopera\u00e7\u00e3o italiana em Minas Gerais. A primeira etapa foi a APAC de Nova [&hellip;]","protected":false},"author":1,"featured_media":0,"comment_status":"","ping_status":"","sticky":false,"template":"","format":"standard","meta":{"footnotes":""},"tags":[],"class_list":["post-1396","post","type-post","status-publish","format-standard","hentry"],"_links":{"self":[{"href":"https:\/\/consbelohorizonte.esteri.it\/pt\/wp-json\/wp\/v2\/posts\/1396","targetHints":{"allow":["GET"]}}],"collection":[{"href":"https:\/\/consbelohorizonte.esteri.it\/pt\/wp-json\/wp\/v2\/posts"}],"about":[{"href":"https:\/\/consbelohorizonte.esteri.it\/pt\/wp-json\/wp\/v2\/types\/post"}],"author":[{"embeddable":true,"href":"https:\/\/consbelohorizonte.esteri.it\/pt\/wp-json\/wp\/v2\/users\/1"}],"replies":[{"embeddable":true,"href":"https:\/\/consbelohorizonte.esteri.it\/pt\/wp-json\/wp\/v2\/comments?post=1396"}],"version-history":[{"count":0,"href":"https:\/\/consbelohorizonte.esteri.it\/pt\/wp-json\/wp\/v2\/posts\/1396\/revisions"}],"wp:attachment":[{"href":"https:\/\/consbelohorizonte.esteri.it\/pt\/wp-json\/wp\/v2\/media?parent=1396"}],"wp:term":[{"taxonomy":"post_tag","embeddable":true,"href":"https:\/\/consbelohorizonte.esteri.it\/pt\/wp-json\/wp\/v2\/tags?post=1396"}],"curies":[{"name":"wp","href":"https:\/\/api.w.org\/{rel}","templated":true}]}}