{"id":1390,"date":"2017-03-09T21:50:07","date_gmt":"2017-03-09T20:50:07","guid":{"rendered":"https:\/\/consbelohorizonte.esteri.it\/news\/dal_consolato\/2017\/03\/italian-design-day-2\/"},"modified":"2017-03-09T21:50:07","modified_gmt":"2017-03-09T20:50:07","slug":"italian-design-day-2","status":"publish","type":"post","link":"https:\/\/consbelohorizonte.esteri.it\/pt\/news\/dal_consolato\/2017\/03\/italian-design-day-2\/","title":{"rendered":"Italian Design Day"},"content":{"rendered":"<p>Em Belo Horizonte, no proximo dia 16 de mar\u00e7o, Consulado da Italia, Camara di Comercio e Funda\u00e7\u00e3o Torino, em parceria com a Universidade do Estado de Minas Gerais (UEMG) apresentam um seminario dedicado ao design italiano, que contar\u00e1 com palestras do Reitor da UEMG prof. Dijon Moraes Jr e do Diretor do FCA Design Center Latam Peter Fassbender. O encontro ser\u00e1 aberto aos alunos da Funda\u00e7\u00e3o Torino e da UEMG, que tambem inaugurar\u00e1 com este seminario o ano letivo. Mais informa\u00e7\u00f5es para participar clicando na imagem.<\/p>\n<p><a href=\"https:\/\/docs.google.com\/forms\/d\/e\/1FAIpQLScyEgT92BRA0U3RBZd3M2JrSYYfymh6QWymOFQIRcBUAXKD2w\/viewform?c=0&#038;w=1\"><img decoding=\"async\" style=\"display: block; margin-left: auto; margin-right: auto;\" src=\"resource\/img\/2017\/03\/italian_design_day_-_convite.png\" alt=\"italian design day convite\" \/><\/a><\/p>\n","protected":false},"excerpt":{"rendered":"Em Belo Horizonte, no proximo dia 16 de mar\u00e7o, Consulado da Italia, Camara di Comercio e Funda\u00e7\u00e3o Torino, em parceria com a Universidade do Estado de Minas Gerais (UEMG) apresentam um seminario dedicado ao design italiano, que contar\u00e1 com palestras do Reitor da UEMG prof. Dijon Moraes Jr e do Diretor do FCA Design Center [&hellip;]","protected":false},"author":1,"featured_media":0,"comment_status":"","ping_status":"","sticky":false,"template":"","format":"standard","meta":{"footnotes":""},"tags":[],"class_list":["post-1390","post","type-post","status-publish","format-standard","hentry"],"_links":{"self":[{"href":"https:\/\/consbelohorizonte.esteri.it\/pt\/wp-json\/wp\/v2\/posts\/1390","targetHints":{"allow":["GET"]}}],"collection":[{"href":"https:\/\/consbelohorizonte.esteri.it\/pt\/wp-json\/wp\/v2\/posts"}],"about":[{"href":"https:\/\/consbelohorizonte.esteri.it\/pt\/wp-json\/wp\/v2\/types\/post"}],"author":[{"embeddable":true,"href":"https:\/\/consbelohorizonte.esteri.it\/pt\/wp-json\/wp\/v2\/users\/1"}],"replies":[{"embeddable":true,"href":"https:\/\/consbelohorizonte.esteri.it\/pt\/wp-json\/wp\/v2\/comments?post=1390"}],"version-history":[{"count":0,"href":"https:\/\/consbelohorizonte.esteri.it\/pt\/wp-json\/wp\/v2\/posts\/1390\/revisions"}],"wp:attachment":[{"href":"https:\/\/consbelohorizonte.esteri.it\/pt\/wp-json\/wp\/v2\/media?parent=1390"}],"wp:term":[{"taxonomy":"post_tag","embeddable":true,"href":"https:\/\/consbelohorizonte.esteri.it\/pt\/wp-json\/wp\/v2\/tags?post=1390"}],"curies":[{"name":"wp","href":"https:\/\/api.w.org\/{rel}","templated":true}]}}