{"id":1388,"date":"2017-03-10T20:02:36","date_gmt":"2017-03-10T19:02:36","guid":{"rendered":"https:\/\/consbelohorizonte.esteri.it\/news\/dal_consolato\/2017\/03\/eros-biondini-insignito-dell-ordine-2\/"},"modified":"2017-03-10T20:02:36","modified_gmt":"2017-03-10T19:02:36","slug":"eros-biondini-insignito-dell-ordine-2","status":"publish","type":"post","link":"https:\/\/consbelohorizonte.esteri.it\/pt\/news\/dal_consolato\/2017\/03\/eros-biondini-insignito-dell-ordine-2\/","title":{"rendered":"Eros Biondini condecorado com a &#8220;Ordem da Estrela da Italia&#8221;"},"content":{"rendered":"<p>No ultimo 21 de fevereiro o Embaixador Antonio Bernardini entregou ao Deputado mineiro de origem italiana Eros Biondini a condecora\u00e7ao de &#8220;Cavaliere&#8221; da Ordem da Estrela da Italia. A Consul Russi participou da cerimonia, que aconteceu na sede da Embaixada da Italia em Brasilia, e que contou tambem com a presen\u00e7a da Vice Governadora do Paran\u00e0, Cida Borghetti.<\/p>\n<p>A continua\u00e7ao, o texto da motiva\u00e7ao da homenagem ao Dep. Biondini:<\/p>\n<p>&#8220;O Deputado Eros Biondini, cidad\u00e3o italiano, \u00e9 uma personalidade pol\u00edtica reconhecida pela sua integridade moral. Origin\u00e1rio do Estado de Minas Gerais, onde fort\u00edssimos s\u00e3o os la\u00e7os hist\u00f3ricos, culturais e econ\u00f4micos com a It\u00e1lia, no desenvolvimento da sua atividade pol\u00edtica o Deputado Biondini traduz estes la\u00e7os em a\u00e7\u00f5es concretas de sustento \u00e0s empresas italianas presentes no seu territ\u00f3rio de origem. Depois de ter assumido na C\u00e2mara dos Deputados brasileira o papel de coordenador das iniciativas voltadas para o refor\u00e7o da presen\u00e7a econ\u00f4mica italiana em Minas Gerais, ele desenvolveu tamb\u00e9m uma intensa obra institucional para favorecer a colabora\u00e7\u00e3o entre entidades brasileiras e empresas italianas. Com frequentes viagens \u00e0 It\u00e1lia e reuni\u00f5es de trabalho dos grupos de amizade e colabora\u00e7\u00e3o parlamentar \u00edtalo-brasileira, das quais \u00e9 membro, o Deputado Eros Biondini oferece tamb\u00e9m um precioso ap\u00f3io \u00e0 Embaixada nas suas rela\u00e7\u00f5es com o Congresso brasileiro, contribuindo assim de maneira concreta e eminente com as excelentes rela\u00e7\u00f5es bilaterais entre It\u00e1lia e Brasil.&#8221;<\/p>\n","protected":false},"excerpt":{"rendered":"No ultimo 21 de fevereiro o Embaixador Antonio Bernardini entregou ao Deputado mineiro de origem italiana Eros Biondini a condecora\u00e7ao de &#8220;Cavaliere&#8221; da Ordem da Estrela da Italia. A Consul Russi participou da cerimonia, que aconteceu na sede da Embaixada da Italia em Brasilia, e que contou tambem com a presen\u00e7a da Vice Governadora do [&hellip;]","protected":false},"author":1,"featured_media":0,"comment_status":"","ping_status":"","sticky":false,"template":"","format":"standard","meta":{"footnotes":""},"tags":[],"class_list":["post-1388","post","type-post","status-publish","format-standard","hentry"],"_links":{"self":[{"href":"https:\/\/consbelohorizonte.esteri.it\/pt\/wp-json\/wp\/v2\/posts\/1388","targetHints":{"allow":["GET"]}}],"collection":[{"href":"https:\/\/consbelohorizonte.esteri.it\/pt\/wp-json\/wp\/v2\/posts"}],"about":[{"href":"https:\/\/consbelohorizonte.esteri.it\/pt\/wp-json\/wp\/v2\/types\/post"}],"author":[{"embeddable":true,"href":"https:\/\/consbelohorizonte.esteri.it\/pt\/wp-json\/wp\/v2\/users\/1"}],"replies":[{"embeddable":true,"href":"https:\/\/consbelohorizonte.esteri.it\/pt\/wp-json\/wp\/v2\/comments?post=1388"}],"version-history":[{"count":0,"href":"https:\/\/consbelohorizonte.esteri.it\/pt\/wp-json\/wp\/v2\/posts\/1388\/revisions"}],"wp:attachment":[{"href":"https:\/\/consbelohorizonte.esteri.it\/pt\/wp-json\/wp\/v2\/media?parent=1388"}],"wp:term":[{"taxonomy":"post_tag","embeddable":true,"href":"https:\/\/consbelohorizonte.esteri.it\/pt\/wp-json\/wp\/v2\/tags?post=1388"}],"curies":[{"name":"wp","href":"https:\/\/api.w.org\/{rel}","templated":true}]}}