{"id":1381,"date":"2017-03-14T21:23:07","date_gmt":"2017-03-14T20:23:07","guid":{"rendered":"https:\/\/consbelohorizonte.esteri.it\/news\/dal_consolato\/2017\/03\/i-mercoledi-italiani-della-casa-2\/"},"modified":"2017-03-14T21:23:07","modified_gmt":"2017-03-14T20:23:07","slug":"i-mercoledi-italiani-della-casa-2","status":"publish","type":"post","link":"https:\/\/consbelohorizonte.esteri.it\/pt\/news\/dal_consolato\/2017\/03\/i-mercoledi-italiani-della-casa-2\/","title":{"rendered":"&#8220;Quartas Italianas&#8221; na Casa Fiat de Cultura"},"content":{"rendered":"<p>Voltam na Casa Fiat deCultura as &#8220;Quartas Italianas&#8221;, um projeto que nasce da colabora\u00e7\u00e3o entre Casa Fiat, a Funda\u00e7\u00e3o Torino e o Consulado da Italia.<\/p>\n<p>Na proxima quarta, dia 15 de mar\u00e7o, \u00e0s 19h30, a primeira palestra do novo ciclo ser\u00e1 ministrada pelo Prof. Riccardo Cassoli, professor de\u00a0literatura da Funda\u00e7\u00e3o\u00a0Torino, que nos falar\u00e1 de &#8220;Gabriele D\u2019Annunzio: um expoente da literatura que norteou a sociedade italiana dos s\u00e9culos XIX e XX&#8221;.<\/p>\n<p>Entrada Gratuita<br \/>Espa\u00e7o Multiuso da Casa Fiat de Cultura<br \/>Pra\u00e7a da Liberdade, 10 \u2013 Funcion\u00e1rios \u2013 BH\/MG<br \/>4\u00ba andar<br \/>Espa\u00e7o sujeito \u00e0 lota\u00e7\u00e3o (250 lugares)<br \/><a href=\"http:\/\/www.casafiatdecultura.com.br\">www.casafiatdecultura.com.br<\/a> <br \/><a href=\"mailto:casafiat@casafiat.com.br\">casafiat@casafiat.com.br<\/a> <br \/>facebook.com.br\/casafiatdecultura<br \/>Instagram: @casafiatdecultura <br \/><a href=\"http:\/\/www.circuitoculturalliberdade.com.br\">www.circuitoculturalliberdade.com.br<\/a><\/p>\n","protected":false},"excerpt":{"rendered":"Voltam na Casa Fiat deCultura as &#8220;Quartas Italianas&#8221;, um projeto que nasce da colabora\u00e7\u00e3o entre Casa Fiat, a Funda\u00e7\u00e3o Torino e o Consulado da Italia. Na proxima quarta, dia 15 de mar\u00e7o, \u00e0s 19h30, a primeira palestra do novo ciclo ser\u00e1 ministrada pelo Prof. Riccardo Cassoli, professor de\u00a0literatura da Funda\u00e7\u00e3o\u00a0Torino, que nos falar\u00e1 de &#8220;Gabriele [&hellip;]","protected":false},"author":1,"featured_media":0,"comment_status":"","ping_status":"","sticky":false,"template":"","format":"standard","meta":{"footnotes":""},"tags":[],"class_list":["post-1381","post","type-post","status-publish","format-standard","hentry"],"_links":{"self":[{"href":"https:\/\/consbelohorizonte.esteri.it\/pt\/wp-json\/wp\/v2\/posts\/1381","targetHints":{"allow":["GET"]}}],"collection":[{"href":"https:\/\/consbelohorizonte.esteri.it\/pt\/wp-json\/wp\/v2\/posts"}],"about":[{"href":"https:\/\/consbelohorizonte.esteri.it\/pt\/wp-json\/wp\/v2\/types\/post"}],"author":[{"embeddable":true,"href":"https:\/\/consbelohorizonte.esteri.it\/pt\/wp-json\/wp\/v2\/users\/1"}],"replies":[{"embeddable":true,"href":"https:\/\/consbelohorizonte.esteri.it\/pt\/wp-json\/wp\/v2\/comments?post=1381"}],"version-history":[{"count":0,"href":"https:\/\/consbelohorizonte.esteri.it\/pt\/wp-json\/wp\/v2\/posts\/1381\/revisions"}],"wp:attachment":[{"href":"https:\/\/consbelohorizonte.esteri.it\/pt\/wp-json\/wp\/v2\/media?parent=1381"}],"wp:term":[{"taxonomy":"post_tag","embeddable":true,"href":"https:\/\/consbelohorizonte.esteri.it\/pt\/wp-json\/wp\/v2\/tags?post=1381"}],"curies":[{"name":"wp","href":"https:\/\/api.w.org\/{rel}","templated":true}]}}