{"id":1365,"date":"2017-03-28T17:13:15","date_gmt":"2017-03-28T15:13:15","guid":{"rendered":"https:\/\/consbelohorizonte.esteri.it\/news\/dal_consolato\/2017\/03\/prima-riunione-di-coordinamento-2\/"},"modified":"2017-03-28T17:13:15","modified_gmt":"2017-03-28T15:13:15","slug":"prima-riunione-di-coordinamento-2","status":"publish","type":"post","link":"https:\/\/consbelohorizonte.esteri.it\/pt\/news\/dal_consolato\/2017\/03\/prima-riunione-di-coordinamento-2\/","title":{"rendered":"Prima Riunione di Coordinamento Culturale a Brasilia (25 marzo)"},"content":{"rendered":"<p>Lo scorso 25 marzo l\u2019Ambasciatore Bernardini ha convocato una riunione di coordinamento del sistema Italia in Brasile dedicata all\u2019ambito culturale. La convocazione della riunione, la prima in assoluto dedicata a tale tema, nasce dalla consapevolezza che in un Paese come il Brasile fare sistema sia indispensabile per promuovere il settore culturale, che resta ancora oggi uno dei pilastri fondanti della cooperazione italo \u2013 brasiliana.<\/p>\n<p>Oltre ai rappresentanti della Rete diplomatico-consolare italiana in Brasile, hanno partecipato ai lavori gli Istituti Italiani di Cultura di San Paolo e Rio, il Dirigente scolastico Augusto Bellon, i Lettori di ruolo presso le universit\u00e0 brasiliane, le Scuole paritarie, gli Enti gestori, nonch\u00e9 i rappresentanti del Dipartimento di italianistica dell\u2019USP e dell\u2019Associazione Brasiliana dei Professori di Italiano. Per Minas Gerais, erano presenti la Console Russi, gli assistenti amministrativi Joana Lima Silveira e Francesco Tripodi, la lettrice presso la UFMG professoressa Rosalba Principato, ed il Preside della Fondazione Torino prof. Umberto Casarotti.<\/p>\n<p>La riunione, incentrata sui temi dell\u2019insegnamento e della promozione della lingua e cultura italiane, ha costituito un\u2019utile occasione per condividere esperienze, best practices, difficolt\u00e0 e proposte operative tra i soggetti attivi nel Paese in ambito culturale, e rappresenta un punto di partenza per l\u2019elaborazione di riflessioni successive e per la promozione di un\u2019azione di coordinamento efficace e sinergico. In particolare, \u00e8 partita un\u2019interessante riflessione sulla necessit\u00e0 di un cambiamento del paradigma nella diffusione e divulgazione della nostra lingua: da corsi dedicati esclusivamente ai tantissimi italo-discendenti brasiliani, ad un ampliamento dell\u2019offerta diretta in particolare agli amanti dell\u2019Italia, per avvicinarli progressivamente anche alla lingua e permettere loro il passaggio da italofili ad italofoni.<\/p>\n<p>Nella consapevolezza che la promozione della cultura italiana nel mondo sia una componente strategica della politica estera, l\u2019Ambasciata ha dedicato sin dall\u2019inizio del corrente anno rinnovate risorse ed energie alla politica culturale, sostenendo fortemente attivit\u00e0 di approfondimento e di lancio di nuove iniziative, che hanno al centro la diffusione della lingua e cultura italiane. Affinch\u00e9 tale progetto vada a buon fine \u00e8 oggi indispensabile un confronto sistematico e periodico tra i vari soggetti del sistema Italia operanti in Brasile nel settore culturale. La riunione di coordinamento costituisce un primo importante passo in tale direzione, per consentire l\u2019elaborazione di una programmazione culturale sempre pi\u00f9 articolata, di qualit\u00e0 e ben veicolata che sappia rispondere alla sempre pi\u00f9 forte domanda di lingua e cultura italiane in Brasile.<\/p>\n<p>Nella foto, i partecipanti di Minas Gerais Francesco Tripodi, Aurora Russi, Rosalba Principato, Umberto Casarotti e Joana Lima Silveira<\/p>\n<p><img decoding=\"async\" src=\"resource\/img\/2017\/03\/team_bh_per_sito.jpg\" alt=\"team bh per sito\" \/><\/p>\n<p>Nella foto, la Console, Francesco Tripodi e Joana Lima Silveira con l&#8217;Onorevole Renata Bueno:<br \/><img decoding=\"async\" src=\"resource\/img\/2017\/03\/cons_bh_con_renata_bueno_per_sito.jpg\" alt=\"cons bh con renata bueno per sito\" \/><\/p>\n","protected":false},"excerpt":{"rendered":"Lo scorso 25 marzo l\u2019Ambasciatore Bernardini ha convocato una riunione di coordinamento del sistema Italia in Brasile dedicata all\u2019ambito culturale. La convocazione della riunione, la prima in assoluto dedicata a tale tema, nasce dalla consapevolezza che in un Paese come il Brasile fare sistema sia indispensabile per promuovere il settore culturale, che resta ancora oggi [&hellip;]","protected":false},"author":1,"featured_media":0,"comment_status":"","ping_status":"","sticky":false,"template":"","format":"standard","meta":{"footnotes":""},"tags":[],"class_list":["post-1365","post","type-post","status-publish","format-standard","hentry"],"_links":{"self":[{"href":"https:\/\/consbelohorizonte.esteri.it\/pt\/wp-json\/wp\/v2\/posts\/1365","targetHints":{"allow":["GET"]}}],"collection":[{"href":"https:\/\/consbelohorizonte.esteri.it\/pt\/wp-json\/wp\/v2\/posts"}],"about":[{"href":"https:\/\/consbelohorizonte.esteri.it\/pt\/wp-json\/wp\/v2\/types\/post"}],"author":[{"embeddable":true,"href":"https:\/\/consbelohorizonte.esteri.it\/pt\/wp-json\/wp\/v2\/users\/1"}],"replies":[{"embeddable":true,"href":"https:\/\/consbelohorizonte.esteri.it\/pt\/wp-json\/wp\/v2\/comments?post=1365"}],"version-history":[{"count":0,"href":"https:\/\/consbelohorizonte.esteri.it\/pt\/wp-json\/wp\/v2\/posts\/1365\/revisions"}],"wp:attachment":[{"href":"https:\/\/consbelohorizonte.esteri.it\/pt\/wp-json\/wp\/v2\/media?parent=1365"}],"wp:term":[{"taxonomy":"post_tag","embeddable":true,"href":"https:\/\/consbelohorizonte.esteri.it\/pt\/wp-json\/wp\/v2\/tags?post=1365"}],"curies":[{"name":"wp","href":"https:\/\/api.w.org\/{rel}","templated":true}]}}