{"id":1363,"date":"2017-03-28T17:24:08","date_gmt":"2017-03-28T15:24:08","guid":{"rendered":"https:\/\/consbelohorizonte.esteri.it\/news\/dal_consolato\/2017\/03\/visita-del-municipio-di-barroso-2\/"},"modified":"2017-03-28T17:24:08","modified_gmt":"2017-03-28T15:24:08","slug":"visita-del-municipio-di-barroso-2","status":"publish","type":"post","link":"https:\/\/consbelohorizonte.esteri.it\/pt\/news\/dal_consolato\/2017\/03\/visita-del-municipio-di-barroso-2\/","title":{"rendered":"Visita da Prefeitura de Barroso"},"content":{"rendered":"<p>A Consul recebeu a visita duma delega\u00e7\u00e3o da Prefeitura de Barroso (regi\u00e3o das Vertentes) chefeada pela vereadora Vera Rodrigues Pereira.<\/p>\n<p>Durante a reuni\u00e3o, foram analizados diversos projetos de colabora\u00e7\u00e3o com o Consulado e as Institui\u00e7\u00f5es Italianas de Minas Gerais, para incluir a cidade de Barroso na program\u00e7\u00e3o oficial da Semana da Gastronomia Italiana (20-26 de novembro de 2017) com um evento em parceria com o SENAC da cidade.<\/p>\n","protected":false},"excerpt":{"rendered":"A Consul recebeu a visita duma delega\u00e7\u00e3o da Prefeitura de Barroso (regi\u00e3o das Vertentes) chefeada pela vereadora Vera Rodrigues Pereira. Durante a reuni\u00e3o, foram analizados diversos projetos de colabora\u00e7\u00e3o com o Consulado e as Institui\u00e7\u00f5es Italianas de Minas Gerais, para incluir a cidade de Barroso na program\u00e7\u00e3o oficial da Semana da Gastronomia Italiana (20-26 de [&hellip;]","protected":false},"author":1,"featured_media":0,"comment_status":"","ping_status":"","sticky":false,"template":"","format":"standard","meta":{"footnotes":""},"tags":[],"class_list":["post-1363","post","type-post","status-publish","format-standard","hentry"],"_links":{"self":[{"href":"https:\/\/consbelohorizonte.esteri.it\/pt\/wp-json\/wp\/v2\/posts\/1363","targetHints":{"allow":["GET"]}}],"collection":[{"href":"https:\/\/consbelohorizonte.esteri.it\/pt\/wp-json\/wp\/v2\/posts"}],"about":[{"href":"https:\/\/consbelohorizonte.esteri.it\/pt\/wp-json\/wp\/v2\/types\/post"}],"author":[{"embeddable":true,"href":"https:\/\/consbelohorizonte.esteri.it\/pt\/wp-json\/wp\/v2\/users\/1"}],"replies":[{"embeddable":true,"href":"https:\/\/consbelohorizonte.esteri.it\/pt\/wp-json\/wp\/v2\/comments?post=1363"}],"version-history":[{"count":0,"href":"https:\/\/consbelohorizonte.esteri.it\/pt\/wp-json\/wp\/v2\/posts\/1363\/revisions"}],"wp:attachment":[{"href":"https:\/\/consbelohorizonte.esteri.it\/pt\/wp-json\/wp\/v2\/media?parent=1363"}],"wp:term":[{"taxonomy":"post_tag","embeddable":true,"href":"https:\/\/consbelohorizonte.esteri.it\/pt\/wp-json\/wp\/v2\/tags?post=1363"}],"curies":[{"name":"wp","href":"https:\/\/api.w.org\/{rel}","templated":true}]}}