{"id":1356,"date":"2017-03-31T17:57:32","date_gmt":"2017-03-31T15:57:32","guid":{"rendered":"https:\/\/consbelohorizonte.esteri.it\/news\/dal_consolato\/2017\/03\/partecipazione-del-consolato-agli-2\/"},"modified":"2017-03-31T17:57:32","modified_gmt":"2017-03-31T15:57:32","slug":"partecipazione-del-consolato-agli-2","status":"publish","type":"post","link":"https:\/\/consbelohorizonte.esteri.it\/pt\/news\/dal_consolato\/2017\/03\/partecipazione-del-consolato-agli-2\/","title":{"rendered":"Participa\u00e7\u00e3o do Consulado aos ultimos eventos da Camara de Comercio"},"content":{"rendered":"<p>Aconteceram em Belo Horizonte na ultima semana de mar\u00e7o dois interessantes encontros dedicados \u00e0 comunidade empresarial italo-mineira, organizados pela Camara de Comercio Italo Brasileira de Minas Gerais.<\/p>\n<p>O primeiro evento teve lugar no dia 28 de mar\u00e7o na sede da FIEMG, onde &#8212; al\u00e9m da Assembleia ordinaria dos Socios, a Camara convidou o economista da BNP Paribas &#8211; BNL\u00a0Gustavo Arruda, para uma palestra-debate sobre as previs\u00f5es dos economistas para a economia brasileira. Nas fotos, um momento da palestra da BNL e o equipe da Camara: o\u00a0Presidente Valentino Rizzioli, o Vice Presidente Executivo Raffaele Peano, o Secretario Geral Leonardo Freitas, Fernanda Mendes (administrativo), Welber Silva (comunica\u00e7\u00e3o) e Nat\u00e1lia Brina (assistencia \u00e0s empresas).<\/p>\n<p><img loading=\"lazy\" decoding=\"async\" style=\"width: 288px; height: 236px;\" src=\"resource\/img\/2017\/03\/palestra_bnl.jpg\" alt=\"palestra bnl\" width=\"563\" height=\"423\" \/><img loading=\"lazy\" decoding=\"async\" style=\"width: 252px; height: 236px;\" src=\"resource\/img\/2017\/03\/per_sito.jpg\" alt=\"per sito\" width=\"561\" height=\"423\" \/><\/p>\n<p>O segundo evento aconteceu no dia 30 de mar\u00e7o, na Sede da Camara, onde a Diretoria e os socios mantiveram um encontro com o Vice Presidente da Caixa Economica, Antonio Carlos Ferreira, para compartilhar ideias e projetos a favor das atividades dos empresarios italo-mineiros que operam no nosso Estado. Nas fotos, dois momento do encontro.<br \/><img loading=\"lazy\" decoding=\"async\" style=\"width: 374px; height: 285px;\" src=\"resource\/img\/2017\/03\/per_sito_caixa_cam_com.jpg\" alt=\"per sito caixa cam com\" width=\"479\" height=\"319\" \/><img loading=\"lazy\" decoding=\"async\" style=\"width: 295px; height: 284px;\" src=\"resource\/img\/2017\/03\/per_sito_02_caixa_cam_com.jpg\" alt=\"per sito 02 caixa cam com\" width=\"401\" height=\"303\" \/><\/p>\n<p>A C\u00f4nsul Aurora Russi participou de ambos encontros.<\/p>\n<p>\u00a0<\/p>\n","protected":false},"excerpt":{"rendered":"Aconteceram em Belo Horizonte na ultima semana de mar\u00e7o dois interessantes encontros dedicados \u00e0 comunidade empresarial italo-mineira, organizados pela Camara de Comercio Italo Brasileira de Minas Gerais. O primeiro evento teve lugar no dia 28 de mar\u00e7o na sede da FIEMG, onde &#8212; al\u00e9m da Assembleia ordinaria dos Socios, a Camara convidou o economista da [&hellip;]","protected":false},"author":1,"featured_media":0,"comment_status":"","ping_status":"","sticky":false,"template":"","format":"standard","meta":{"footnotes":""},"tags":[],"class_list":["post-1356","post","type-post","status-publish","format-standard","hentry"],"_links":{"self":[{"href":"https:\/\/consbelohorizonte.esteri.it\/pt\/wp-json\/wp\/v2\/posts\/1356","targetHints":{"allow":["GET"]}}],"collection":[{"href":"https:\/\/consbelohorizonte.esteri.it\/pt\/wp-json\/wp\/v2\/posts"}],"about":[{"href":"https:\/\/consbelohorizonte.esteri.it\/pt\/wp-json\/wp\/v2\/types\/post"}],"author":[{"embeddable":true,"href":"https:\/\/consbelohorizonte.esteri.it\/pt\/wp-json\/wp\/v2\/users\/1"}],"replies":[{"embeddable":true,"href":"https:\/\/consbelohorizonte.esteri.it\/pt\/wp-json\/wp\/v2\/comments?post=1356"}],"version-history":[{"count":0,"href":"https:\/\/consbelohorizonte.esteri.it\/pt\/wp-json\/wp\/v2\/posts\/1356\/revisions"}],"wp:attachment":[{"href":"https:\/\/consbelohorizonte.esteri.it\/pt\/wp-json\/wp\/v2\/media?parent=1356"}],"wp:term":[{"taxonomy":"post_tag","embeddable":true,"href":"https:\/\/consbelohorizonte.esteri.it\/pt\/wp-json\/wp\/v2\/tags?post=1356"}],"curies":[{"name":"wp","href":"https:\/\/api.w.org\/{rel}","templated":true}]}}