{"id":1339,"date":"2017-05-17T14:04:25","date_gmt":"2017-05-17T12:04:25","guid":{"rendered":"https:\/\/consbelohorizonte.esteri.it\/news\/dal_consolato\/2017\/05\/vii-seminario-da-imigracao-italiana-2\/"},"modified":"2017-05-17T14:04:25","modified_gmt":"2017-05-17T12:04:25","slug":"vii-seminario-da-imigracao-italiana-2","status":"publish","type":"post","link":"https:\/\/consbelohorizonte.esteri.it\/pt\/news\/dal_consolato\/2017\/05\/vii-seminario-da-imigracao-italiana-2\/","title":{"rendered":"VII Semin\u00e1rio da Imigra\u00e7\u00e3o Italiana em Minas Gerais: inscri\u00e7\u00f5es abertas!"},"content":{"rendered":"<p>Convidamos a todos para participarem do <strong>VII Semin\u00e1rio da Imigra\u00e7\u00e3o Italiana em Minas Gerais<\/strong> que apresentar\u00e1 o historiador italiano Emilio Franzina, considerado o maior pesquisador da hist\u00f3ria da emigra\u00e7\u00e3o italiana no Brasil e na Am\u00e9rica Latina, com palestra e lan\u00e7amento do livro \u201cEntre duas P\u00e1trias: A Hist\u00f3ria dos combatentes \u00cdtalo-Brasileiros na Primeira Guerra Mundial\u201d.<\/p>\n<p>O evento ser\u00e1 gratuito, aberto ao p\u00fablico em geral e realizado no dia 03 de junho de 2017, s\u00e1bado, de 9.00 \u00e0s 17.00 horas na Casa Fiat de Cultura, Pra\u00e7a da Liberdade,10 &#8211; Funcion\u00e1rios, Belo Horizonte.<\/p>\n<p>O Semin\u00e1rio contar\u00e1, tamb\u00e9m, com a palestra do Prof. Pier Francesco de Maria &#8211; Universidade Estadual de Campinas (UNICAMP). Pesquisador do Observat\u00f3rio das Migra\u00e7\u00f5es S\u00e3o Paulo, trazendo o tema in\u00e9dito da Nova Migra\u00e7\u00e3o Italiana Para o Brasil: a Realidade do Censo e os Dados do Projeto \u201cNuovi Arrivati\u201d.<\/p>\n<p>Estar\u00e3o presentes alguns dos descendentes de imigrantes italianos de S\u00e3o Jo\u00e3o del Rei que comp\u00f5em a Associa\u00e7\u00e3o Col\u00f4nia Viva para apresentar o \u201cRoteiro Tur\u00edstico Rural em S\u00e3o Jo\u00e3o del Rei\u201d, com o objetivo de divulgar a cultura e a gastronomia local.<\/p>\n<p>Encerrando as atividades, o pesquisador e genealogista Stanley Savoretti de Souza discorrer\u00e1 sobre o tema da Genealogia como Instrumento para o Estudo da Imigra\u00e7\u00e3o Italiana.<\/p>\n<p>O Semin\u00e1rio, na v\u00e9spera da grande Festa Italiana de Belo Horizonte, \u00e9 promovido pelo COMITES MG (Comitato degli Italiani all\u2019Estero de Minas Gerais), CGIE (Consiglio Generale degli Italiani all\u2019Estero), Ponte entre Culturas e ACIBRA MG (Associa\u00e7\u00e3o de Cultura \u00cdtalo brasileira de Minas Gerais), com o patroc\u00ednio do Consulado da It\u00e1lia em Belo Horizonte e apoio da Casa Fiat de Cultura.<\/p>\n<p>Inscri\u00e7\u00f5es podem ser realizadas pelo email: <a href=\"mailto:seminarioimigracaoitalianamg@gmail.com\">seminarioimigracaoitalianamg@gmail.com<\/a><\/p>\n<p>Acompanhe todas as novidades sobre o Semin\u00e1rio na p\u00e1gina:<\/p>\n<p><a href=\"http:\/\/www.facebook.com\/SeminarioImigracaoItalianaMG\">www.facebook.com\/SeminarioImigracaoItalianaMG<\/a><\/p>\n<p>\u00a0<\/p>\n","protected":false},"excerpt":{"rendered":"Convidamos a todos para participarem do VII Semin\u00e1rio da Imigra\u00e7\u00e3o Italiana em Minas Gerais que apresentar\u00e1 o historiador italiano Emilio Franzina, considerado o maior pesquisador da hist\u00f3ria da emigra\u00e7\u00e3o italiana no Brasil e na Am\u00e9rica Latina, com palestra e lan\u00e7amento do livro \u201cEntre duas P\u00e1trias: A Hist\u00f3ria dos combatentes \u00cdtalo-Brasileiros na Primeira Guerra Mundial\u201d. O [&hellip;]","protected":false},"author":1,"featured_media":0,"comment_status":"","ping_status":"","sticky":false,"template":"","format":"standard","meta":{"footnotes":""},"tags":[],"class_list":["post-1339","post","type-post","status-publish","format-standard","hentry"],"_links":{"self":[{"href":"https:\/\/consbelohorizonte.esteri.it\/pt\/wp-json\/wp\/v2\/posts\/1339","targetHints":{"allow":["GET"]}}],"collection":[{"href":"https:\/\/consbelohorizonte.esteri.it\/pt\/wp-json\/wp\/v2\/posts"}],"about":[{"href":"https:\/\/consbelohorizonte.esteri.it\/pt\/wp-json\/wp\/v2\/types\/post"}],"author":[{"embeddable":true,"href":"https:\/\/consbelohorizonte.esteri.it\/pt\/wp-json\/wp\/v2\/users\/1"}],"replies":[{"embeddable":true,"href":"https:\/\/consbelohorizonte.esteri.it\/pt\/wp-json\/wp\/v2\/comments?post=1339"}],"version-history":[{"count":0,"href":"https:\/\/consbelohorizonte.esteri.it\/pt\/wp-json\/wp\/v2\/posts\/1339\/revisions"}],"wp:attachment":[{"href":"https:\/\/consbelohorizonte.esteri.it\/pt\/wp-json\/wp\/v2\/media?parent=1339"}],"wp:term":[{"taxonomy":"post_tag","embeddable":true,"href":"https:\/\/consbelohorizonte.esteri.it\/pt\/wp-json\/wp\/v2\/tags?post=1339"}],"curies":[{"name":"wp","href":"https:\/\/api.w.org\/{rel}","templated":true}]}}