{"id":1333,"date":"2017-06-07T16:30:49","date_gmt":"2017-06-07T14:30:49","guid":{"rendered":"https:\/\/consbelohorizonte.esteri.it\/news\/dal_consolato\/2017\/06\/festa-della-repubblica-2017-le-2\/"},"modified":"2017-06-07T16:30:49","modified_gmt":"2017-06-07T14:30:49","slug":"festa-della-repubblica-2017-le-2","status":"publish","type":"post","link":"https:\/\/consbelohorizonte.esteri.it\/pt\/news\/dal_consolato\/2017\/06\/festa-della-repubblica-2017-le-2\/","title":{"rendered":"FESTA DELLA REPUBBLICA 2017 &#8211; LE CELEBRAZIONI A BH"},"content":{"rendered":"<p>Em ocasi\u00e3o do Dia da It\u00e1lia, o Consulado da It\u00e1lia em Belo Horizonte coordenou as atividades das institui\u00e7\u00f5es e dos \u00f3rg\u00e3os italianos presentes em Minas Gerais, articulando um calend\u00e1rio de manifesta\u00e7\u00f5es que envolveram os ambientes sociais, culturais, pol\u00edticos e econ\u00f4micos dessa cidade entre os dias 3 e 5 de junho.<\/p>\n<p>As celebra\u00e7\u00f5es iniciaram no dia 3 de junho com a VII edi\u00e7\u00e3o do Semin\u00e1rio sobre a emigra\u00e7\u00e3o italiana, idealizada e realizada pelas institui\u00e7\u00f5es Comites, CGIE, Associa\u00e7\u00e3o Cultural Ponte Entre Culturas e com o apoio do portal It\u00e1lia em Minas Gerais e da Casa FIAT de Cultura, que hospedou a iniciativa. Durante o evento, que contou com a participa\u00e7\u00e3o de 150 pessoas provenientes de Belo Horizonte e de outras cidades mineiras, a C\u00f4nsul representou o Embaixador e, durante a abertura, leu para os presentes uma mensagem de sauda\u00e7\u00e3o do Diretor General da DGIT, Luigi Vignali. No programa, o lan\u00e7amento da nova obra do professor Emilio Franzia, especialista em emigra\u00e7\u00e3o italiana no Brasil, &#8220;Entre duas P\u00e1trias&#8221;, escrito com a colabora\u00e7\u00e3o do hist\u00f3rico Anisio Ciscotto Filho, membro do Comites de BH e presidente da ACIBRA; um curso de genealogia; a apresenta\u00e7\u00e3o do projeto do CGIE\/Comites de S\u00e3o Paulo &#8211; &#8220;Nuovi Arrivati&#8221;, realizado com a Universidade de Campinas; e a apresenta\u00e7\u00e3o do circuito agrotur\u00edstico de S\u00e3o Jo\u00e3o del Rei &#8211; &#8220;Col\u00f4nia Viva&#8221;, idealizado por descendentes de fam\u00edlias italianas.<\/p>\n<p><img loading=\"lazy\" decoding=\"async\" style=\"width: 412px; height: 313px;\" src=\"resource\/img\/2017\/06\/sito_casa_fiat_pubblico_vii_seminario.jpg\" alt=\"sito casa fiat pubblico vii seminario\" width=\"420\" height=\"316\" \/><img loading=\"lazy\" decoding=\"async\" style=\"width: 411px; height: 193px;\" src=\"resource\/img\/2017\/06\/sito_apertura_vii_seminario.jpg\" alt=\"sito apertura vii seminario\" width=\"534\" height=\"299\" \/><\/p>\n<p>\u00a0<\/p>\n<p>No dia seguinte, 4 de junho, foi a vez da tradicional festa de rua de Belo Horizonte, organizada pela Associa\u00e7\u00e3o de Cultura \u00cdtalo-brasileira de Minas Gerais \u2013 ACIBRA MG, com a qual colaboraram neste ano todas as institui\u00e7\u00f5es italianas de Minas Gerais, as associa\u00e7\u00f5es regionais e os principais c\u00edrculos italianos, alguns at\u00e9 mesmo de cidades muito distantes da capital (Juiz de Fora, Andradas, S. Jo\u00e3o del Rei). Como sempre, a participa\u00e7\u00e3o do p\u00fablico belo horizontino foi excelente: 60.000 pessoas e 20 toneladas de alimentos doados (destinados a associa\u00e7\u00f5es e ONGs de origem italiana, entre elas: Operas educativas do padre Giussani de RosettaBrambilla, AVSI, Associa\u00e7\u00e3o San Michele Arcangelo de Barbacena do mission\u00e1rio Roberto Bertoli, obras Pavonianas, etc). A abertura oficial da festa foi marcada por um momento oficial, da qual participaram o Ministro-Conselheiro da Embaixada, Filippo La Rosa, a C\u00f4nsul Aurora Russi, o Secret\u00e1rio de Cultura Angelo Oswaldo de Araujo Santos representando o Governador e os parlamentares italianos Fabio Porta e Fausto Longo.<\/p>\n<p><img loading=\"lazy\" decoding=\"async\" style=\"width: 360px; height: 351px;\" src=\"resource\/img\/2017\/06\/sito_xi_festa_tradizionale.jpg\" alt=\"sito xi festa tradizionale\" width=\"421\" height=\"314\" \/><img loading=\"lazy\" decoding=\"async\" style=\"width: 381px; height: 527px;\" src=\"resource\/img\/2017\/06\/sito_discorso_console_russi_festa_acibra.jpg\" alt=\"sito discorso console russi festa acibra\" width=\"400\" height=\"535\" \/><\/p>\n<p>Tamb\u00e9m participaram da festa tradicional a rede consular honor\u00e1ria do Consulado italiano de Belo Horizonte, que se reuniu no dia seguinte, 5 de junho, no Consulado, para o encontro anual de atualiza\u00e7\u00e3o e coordena\u00e7\u00e3o. Estavam presentes os Agentes Consulares honor\u00e1rios Roberto Ranza de Uberl\u00e2ndia, Pietro Ventoso de Juiz de Fora e Graziano Cirina de Po\u00e7os de Caldas, al\u00e9m do correspondente consular de S. Sebasti\u00e3o do Paraiso, o nonagen\u00e1rio Alfredo Albieri.<\/p>\n<p>Ao fim da reuni\u00e3o, a C\u00f4nsul ofereceu uma degusta\u00e7\u00e3o de produtos italianos, realizada com a colabora\u00e7\u00e3o de diversas empresas italianas e de origem italiana do setor aliment\u00edcio que atuam em Minas Gerais, dentre elas: Segafredo, Ferrero, Falke, Bufalina, Granparma de Pouso Alegre e Casa Geraldo de Andradas. Tamb\u00e9m participaram do evento o empres\u00e1rio Gualtiero, proprie\u00e1rio da pizzaria \u201cItalia em fatias\u201d de Betim, e o Vice Presidente da C\u00e2mera de Comercio, Raffaele Peano, que ofereceu o Nebbiolo da casa vin\u00edcola Battaglio. Entre os convidados, todos os principais representantes da comunidade e do Sistema It\u00e1lia em Minas Geras: Comites, CGIE, leitora, Funda\u00e7\u00e3o Torino, C\u00e2mera, Acibra etc. Os tenores Max Barbolini e Claudio Mattioli executaram o hino nacional.<\/p>\n<p><img decoding=\"async\" src=\"resource\/img\/2017\/06\/sito_riunione_rete_consolare_onoraria_bh.jpg\" alt=\"sito riunione rete consolare onoraria bh\" \/><\/p>\n<p>Concluindo as comemora\u00e7\u00f5es, na noite de 5 de Junho, aconteceu a cerim\u00f4nia de entrega da Medalha \u201cItaliaAffari\u201d, reconhecimento institu\u00eddo pela C\u00e2mera de Com\u00e9rcio destinado \u00e0s personalidades do mundo empreendedor italiano e de Minas Gerais que se destacaram por atuarem especificamente a favor do crescimento da rela\u00e7\u00e3o econ\u00f4mica e comercial entre a It\u00e1lia e Minas Gerais. Os pr\u00eamios 2017 foram entregues ao Vice Presidente Executivo da C\u00e2mera de Com\u00e9rcio, Raffaele Peano, ao Deputado Estadual (e Vice Presidente da C\u00e2mera de Com\u00e9rcio), Agostinho Patrus Filho e ao Presidente do Sitema FIEMG, Olavo Machado Junior.<\/p>\n<p>Ao evento, organizado em parceria com o Consulado, compareceram cerca de 300 pessoas, dentre elas, autoridades, empreendedores, representantes da imprensa e expoentes da sociedade local. \u00c9 importante ressaltar a presen\u00e7a do Secret\u00e1rio de Estado da Cultura, Angelo Oswaldo de Ara\u00fajo, representando o Governador Pimentel; do presidente da Assembleia Legislativa de Minas Gerais, Dep. Adalclever Lopes; do Prefeito de Betim, Vittorio Medioli; e tamb\u00e9m do Ministro-Conselheiro da Embaixada, Filippo La Rosa, que fechou o momento solene recordando o comprometimento da It\u00e1lia com o Brasil, e a longa s\u00e9rie de investimentos italianos que, nos \u00faltimos meses, chegaram neste pa\u00eds: Granarolo, Ternium, Enem e muitos outros.<\/p>\n<p>Em seu discurso, a C\u00f4nsul Russi agradeceu todas as institui\u00e7\u00f5es italianas em Minas Gerais por terem realizado um calend\u00e1rio de eventos t\u00e3o rico e bem sucedido, especialmente a C\u00e2mara de Com\u00e9rcio por t\u00ea-la permitido concluir as celebra\u00e7\u00f5es da Festa da Rep\u00fablica de 2017 exaltando um dos valores fundamentais da Rep\u00fablica italiana: o trabalho.<\/p>\n<p><img loading=\"lazy\" decoding=\"async\" style=\"width: 399px; height: 264px;\" src=\"resource\/img\/2017\/06\/sito_olavo_machado_jr_presidente_fiemg.jpg\" alt=\"sito olavo machado jr presidente fiemg\" width=\"471\" height=\"355\" \/><img decoding=\"async\" src=\"resource\/img\/2017\/06\/sito_apertura_ufficiale_russi_rizzioli.jpg\" alt=\"sito apertura ufficiale russi rizzioli\" \/><\/p>\n","protected":false},"excerpt":{"rendered":"Em ocasi\u00e3o do Dia da It\u00e1lia, o Consulado da It\u00e1lia em Belo Horizonte coordenou as atividades das institui\u00e7\u00f5es e dos \u00f3rg\u00e3os italianos presentes em Minas Gerais, articulando um calend\u00e1rio de manifesta\u00e7\u00f5es que envolveram os ambientes sociais, culturais, pol\u00edticos e econ\u00f4micos dessa cidade entre os dias 3 e 5 de junho. As celebra\u00e7\u00f5es iniciaram no dia [&hellip;]","protected":false},"author":1,"featured_media":0,"comment_status":"","ping_status":"","sticky":false,"template":"","format":"standard","meta":{"footnotes":""},"tags":[],"class_list":["post-1333","post","type-post","status-publish","format-standard","hentry"],"_links":{"self":[{"href":"https:\/\/consbelohorizonte.esteri.it\/pt\/wp-json\/wp\/v2\/posts\/1333","targetHints":{"allow":["GET"]}}],"collection":[{"href":"https:\/\/consbelohorizonte.esteri.it\/pt\/wp-json\/wp\/v2\/posts"}],"about":[{"href":"https:\/\/consbelohorizonte.esteri.it\/pt\/wp-json\/wp\/v2\/types\/post"}],"author":[{"embeddable":true,"href":"https:\/\/consbelohorizonte.esteri.it\/pt\/wp-json\/wp\/v2\/users\/1"}],"replies":[{"embeddable":true,"href":"https:\/\/consbelohorizonte.esteri.it\/pt\/wp-json\/wp\/v2\/comments?post=1333"}],"version-history":[{"count":0,"href":"https:\/\/consbelohorizonte.esteri.it\/pt\/wp-json\/wp\/v2\/posts\/1333\/revisions"}],"wp:attachment":[{"href":"https:\/\/consbelohorizonte.esteri.it\/pt\/wp-json\/wp\/v2\/media?parent=1333"}],"wp:term":[{"taxonomy":"post_tag","embeddable":true,"href":"https:\/\/consbelohorizonte.esteri.it\/pt\/wp-json\/wp\/v2\/tags?post=1333"}],"curies":[{"name":"wp","href":"https:\/\/api.w.org\/{rel}","templated":true}]}}