{"id":1327,"date":"2017-06-19T23:30:54","date_gmt":"2017-06-19T21:30:54","guid":{"rendered":"https:\/\/consbelohorizonte.esteri.it\/news\/dal_consolato\/2017\/06\/consolato-e-casa-civil-presentano-2\/"},"modified":"2017-06-19T23:30:54","modified_gmt":"2017-06-19T21:30:54","slug":"consolato-e-casa-civil-presentano-2","status":"publish","type":"post","link":"https:\/\/consbelohorizonte.esteri.it\/pt\/news\/dal_consolato\/2017\/06\/consolato-e-casa-civil-presentano-2\/","title":{"rendered":"Consulado da Italia e Casa Civil apresentam e apoiam o projeto: &#8220;Italia nostra&#8221;"},"content":{"rendered":"<p>No \u00faltimo 12 de junho a Consul Russi participou do encontro promovido pela Secret\u00e1ria Adjunta da Casa Civil, Mariah Brochado, para apresentar e apoiar oficialmente um projeto lan\u00e7ado pela Rede Minas e pela TV Po\u00e7os. Com o t\u00edtulo \u201cItalia nostra\u201d, a iniciativa \u00e9 uma s\u00e9rie de programas realizados pelo estado de Minas Gerais em parceria com a It\u00e1lia para apresentar aos telespectadores mineiros a import\u00e2ncia da presen\u00e7a italiana na regi\u00e3o a partir do fim do s\u00e9culo XIX. O document\u00e1rio ser\u00e1 produzido ainda esse ano e deve ser veiculado j\u00e1 em 2018.<\/p>\n<p>\u00c9 a primeira vez que a hist\u00f3ria da imigra\u00e7\u00e3o italiana em Minas Gerais ser\u00e1 abordada na televis\u00e3o. \u201cUma ocasi\u00e3o para reencontrar as ra\u00edzes italianas no terceiro estado de destina\u00e7\u00e3o da imigra\u00e7\u00e3o italiana no Brasil e entender tamb\u00e9m um pouco das Minas Gerais &#8211; e da It\u00e1lia &#8211; de hoje\u201d, como destacou a Consul durante o encontro. A Secret\u00e1ria Adjunta da Casa Civil refor\u00e7ou como o Governo de Minas abra\u00e7ou amplamente o projeto, acreditando fortemente no seu potencial educativo e c\u00edvico.<br \/>Na reuni\u00e3o, que foi realizada na Cidade Administrativa, foram convidados a participar diversas institui\u00e7\u00f5es italianas (por exemplo, a Funda\u00e7\u00e3o Torino) e algumas empresas italianas ou de origem italiana, como Sada, Rima, Teksid, Alitalia etc.<\/p>\n<p>\u00a0<\/p>\n<p><img decoding=\"async\" alt=\"riunione casa civil per sito \" src=\"resource\/img\/2017\/06\/riunione_casa_civil_per_sito_.jpg\" \/><\/p>\n","protected":false},"excerpt":{"rendered":"No \u00faltimo 12 de junho a Consul Russi participou do encontro promovido pela Secret\u00e1ria Adjunta da Casa Civil, Mariah Brochado, para apresentar e apoiar oficialmente um projeto lan\u00e7ado pela Rede Minas e pela TV Po\u00e7os. Com o t\u00edtulo \u201cItalia nostra\u201d, a iniciativa \u00e9 uma s\u00e9rie de programas realizados pelo estado de Minas Gerais em parceria [&hellip;]","protected":false},"author":1,"featured_media":0,"comment_status":"","ping_status":"","sticky":false,"template":"","format":"standard","meta":{"footnotes":""},"tags":[],"class_list":["post-1327","post","type-post","status-publish","format-standard","hentry"],"_links":{"self":[{"href":"https:\/\/consbelohorizonte.esteri.it\/pt\/wp-json\/wp\/v2\/posts\/1327","targetHints":{"allow":["GET"]}}],"collection":[{"href":"https:\/\/consbelohorizonte.esteri.it\/pt\/wp-json\/wp\/v2\/posts"}],"about":[{"href":"https:\/\/consbelohorizonte.esteri.it\/pt\/wp-json\/wp\/v2\/types\/post"}],"author":[{"embeddable":true,"href":"https:\/\/consbelohorizonte.esteri.it\/pt\/wp-json\/wp\/v2\/users\/1"}],"replies":[{"embeddable":true,"href":"https:\/\/consbelohorizonte.esteri.it\/pt\/wp-json\/wp\/v2\/comments?post=1327"}],"version-history":[{"count":0,"href":"https:\/\/consbelohorizonte.esteri.it\/pt\/wp-json\/wp\/v2\/posts\/1327\/revisions"}],"wp:attachment":[{"href":"https:\/\/consbelohorizonte.esteri.it\/pt\/wp-json\/wp\/v2\/media?parent=1327"}],"wp:term":[{"taxonomy":"post_tag","embeddable":true,"href":"https:\/\/consbelohorizonte.esteri.it\/pt\/wp-json\/wp\/v2\/tags?post=1327"}],"curies":[{"name":"wp","href":"https:\/\/api.w.org\/{rel}","templated":true}]}}