{"id":1321,"date":"2017-06-21T16:35:08","date_gmt":"2017-06-21T14:35:08","guid":{"rendered":"https:\/\/consbelohorizonte.esteri.it\/news\/dal_consolato\/2017\/06\/workshop-de-sustentabilidade-e-2\/"},"modified":"2017-06-21T16:35:08","modified_gmt":"2017-06-21T14:35:08","slug":"workshop-de-sustentabilidade-e-2","status":"publish","type":"post","link":"https:\/\/consbelohorizonte.esteri.it\/pt\/news\/dal_consolato\/2017\/06\/workshop-de-sustentabilidade-e-2\/","title":{"rendered":"1\u00ba Workshop de Sustentabilidade e Responsabilidade Social para Startups e Empresas de Base Tecnol\u00f3gica"},"content":{"rendered":"<p>Acontece nesta quinta-feira no Audit\u00f3rio do Campus Aimor\u00e9s do Centro Universit\u00e1rio Uma o 1\u00ba Workshop de Sustentabilidade e Responsabilidade Social para Startups e Empresas de Base Tecnol\u00f3gica.<\/p>\n<p>O objetivo do evento \u00e9 estimular o debate sobre a estrutura\u00e7\u00e3o de projetos e a ado\u00e7\u00e3o de pr\u00e1ticas com foco no desenvolvimento sustent\u00e1vel no contexto das startups e empresas de base tecnol\u00f3gica, assim como apresentar as potencialidades e diferenciais competitivos que os neg\u00f3cios sustent\u00e1veis possuem para a sua internacionaliza\u00e7\u00e3o.<\/p>\n<p>A programa\u00e7\u00e3o do evento contempla palestras nacionais e internacionais, rodas de di\u00e1logo com startups e empresas de base tecnol\u00f3gica e salas de debate mediado para networking e neg\u00f3cios.<\/p>\n<p>\u00a0<\/p>\n<p><img loading=\"lazy\" decoding=\"async\" src=\"resource\/img\/2017\/06\/sem_ttulo.png\" alt=\"sem ttulo\" width=\"520\" height=\"512\" \/><\/p>\n<p><img decoding=\"async\" src=\"resource\/img\/2017\/06\/workshop_sustentabilidade.jpg\" alt=\"workshop sustentabilidade\" \/><\/p>\n<p>\u00a0<\/p>\n","protected":false},"excerpt":{"rendered":"Acontece nesta quinta-feira no Audit\u00f3rio do Campus Aimor\u00e9s do Centro Universit\u00e1rio Uma o 1\u00ba Workshop de Sustentabilidade e Responsabilidade Social para Startups e Empresas de Base Tecnol\u00f3gica. O objetivo do evento \u00e9 estimular o debate sobre a estrutura\u00e7\u00e3o de projetos e a ado\u00e7\u00e3o de pr\u00e1ticas com foco no desenvolvimento sustent\u00e1vel no contexto das startups e [&hellip;]","protected":false},"author":1,"featured_media":0,"comment_status":"","ping_status":"","sticky":false,"template":"","format":"standard","meta":{"footnotes":""},"tags":[],"class_list":["post-1321","post","type-post","status-publish","format-standard","hentry"],"_links":{"self":[{"href":"https:\/\/consbelohorizonte.esteri.it\/pt\/wp-json\/wp\/v2\/posts\/1321","targetHints":{"allow":["GET"]}}],"collection":[{"href":"https:\/\/consbelohorizonte.esteri.it\/pt\/wp-json\/wp\/v2\/posts"}],"about":[{"href":"https:\/\/consbelohorizonte.esteri.it\/pt\/wp-json\/wp\/v2\/types\/post"}],"author":[{"embeddable":true,"href":"https:\/\/consbelohorizonte.esteri.it\/pt\/wp-json\/wp\/v2\/users\/1"}],"replies":[{"embeddable":true,"href":"https:\/\/consbelohorizonte.esteri.it\/pt\/wp-json\/wp\/v2\/comments?post=1321"}],"version-history":[{"count":0,"href":"https:\/\/consbelohorizonte.esteri.it\/pt\/wp-json\/wp\/v2\/posts\/1321\/revisions"}],"wp:attachment":[{"href":"https:\/\/consbelohorizonte.esteri.it\/pt\/wp-json\/wp\/v2\/media?parent=1321"}],"wp:term":[{"taxonomy":"post_tag","embeddable":true,"href":"https:\/\/consbelohorizonte.esteri.it\/pt\/wp-json\/wp\/v2\/tags?post=1321"}],"curies":[{"name":"wp","href":"https:\/\/api.w.org\/{rel}","templated":true}]}}