{"id":1318,"date":"2017-07-20T19:06:31","date_gmt":"2017-07-20T17:06:31","guid":{"rendered":"https:\/\/consbelohorizonte.esteri.it\/news\/dal_consolato\/2017\/07\/variazioni-orario-di-ricevimento-2\/"},"modified":"2017-07-20T19:06:31","modified_gmt":"2017-07-20T17:06:31","slug":"variazioni-orario-di-ricevimento-2","status":"publish","type":"post","link":"https:\/\/consbelohorizonte.esteri.it\/pt\/news\/dal_consolato\/2017\/07\/variazioni-orario-di-ricevimento-2\/","title":{"rendered":"MUDAN\u00c7AS NO HOR\u00c1RIO DE ATENDIMENTO DO SETOR DE VISTOS"},"content":{"rendered":"<p>Informamos que o Setor de Vistos deste Consulado abrir\u00e1 para atendimento ao p\u00fablico, excepcionalmente, no dia 24 de julho (segunda-feira) ao inv\u00e9s de 25 de julho\u00a0e no dia 10 de agosto (quinta-feira) ao inv\u00e9s de 8 de agosto. Informamos ainda que o atendimento ser\u00e1 temporariamente suspenso, por motivos t\u00e9cnico, no dia 1 de agosto e retomar\u00e1 suas atividades no dia 9 de agosto. Pedimos desculpas pelo inconveniente e permanecemos \u00e0 disposi\u00e7\u00e3o pelo e-mail visto.belohorizonte@esteri.it.<\/p>\n","protected":false},"excerpt":{"rendered":"Informamos que o Setor de Vistos deste Consulado abrir\u00e1 para atendimento ao p\u00fablico, excepcionalmente, no dia 24 de julho (segunda-feira) ao inv\u00e9s de 25 de julho\u00a0e no dia 10 de agosto (quinta-feira) ao inv\u00e9s de 8 de agosto. Informamos ainda que o atendimento ser\u00e1 temporariamente suspenso, por motivos t\u00e9cnico, no dia 1 de agosto e [&hellip;]","protected":false},"author":1,"featured_media":0,"comment_status":"","ping_status":"","sticky":false,"template":"","format":"standard","meta":{"footnotes":""},"tags":[],"class_list":["post-1318","post","type-post","status-publish","format-standard","hentry"],"_links":{"self":[{"href":"https:\/\/consbelohorizonte.esteri.it\/pt\/wp-json\/wp\/v2\/posts\/1318","targetHints":{"allow":["GET"]}}],"collection":[{"href":"https:\/\/consbelohorizonte.esteri.it\/pt\/wp-json\/wp\/v2\/posts"}],"about":[{"href":"https:\/\/consbelohorizonte.esteri.it\/pt\/wp-json\/wp\/v2\/types\/post"}],"author":[{"embeddable":true,"href":"https:\/\/consbelohorizonte.esteri.it\/pt\/wp-json\/wp\/v2\/users\/1"}],"replies":[{"embeddable":true,"href":"https:\/\/consbelohorizonte.esteri.it\/pt\/wp-json\/wp\/v2\/comments?post=1318"}],"version-history":[{"count":0,"href":"https:\/\/consbelohorizonte.esteri.it\/pt\/wp-json\/wp\/v2\/posts\/1318\/revisions"}],"wp:attachment":[{"href":"https:\/\/consbelohorizonte.esteri.it\/pt\/wp-json\/wp\/v2\/media?parent=1318"}],"wp:term":[{"taxonomy":"post_tag","embeddable":true,"href":"https:\/\/consbelohorizonte.esteri.it\/pt\/wp-json\/wp\/v2\/tags?post=1318"}],"curies":[{"name":"wp","href":"https:\/\/api.w.org\/{rel}","templated":true}]}}