{"id":1307,"date":"2017-07-26T15:36:51","date_gmt":"2017-07-26T13:36:51","guid":{"rendered":"https:\/\/consbelohorizonte.esteri.it\/news\/dal_consolato\/2017\/07\/informativa-ai-connazionali-ed-2\/"},"modified":"2017-07-26T15:36:51","modified_gmt":"2017-07-26T13:36:51","slug":"informativa-ai-connazionali-ed-2","status":"publish","type":"post","link":"https:\/\/consbelohorizonte.esteri.it\/pt\/news\/dal_consolato\/2017\/07\/informativa-ai-connazionali-ed-2\/","title":{"rendered":"INFORMA\u00c7\u00d5ES SOBRE A NOVA SEDE DO CONSULADO DA IT\u00c1LIA"},"content":{"rendered":"<p>Como antecipado na \u00faltima <a href=\"http:\/\/www.consbelohorizonte.esteri.it\/consolato_belohorizonte\/pt\/il_consolato\/il_console\/il-console.html\">mensagem \u00e0 coletividadeensagem \u00e0 coletividade<\/a>\u00a0da C\u00f4nsul, nas pr\u00f3ximas semanas a Sede do Consulado da It\u00e1lia de Belo Horizonte ser\u00e1 transferida para uma nova estrutura, situada na Savassi, na Rua Alagoas, a poucos metros da pra\u00e7a da Liberdade, em uma regi\u00e3o bem servida por linhas de \u00f4nibus e de f\u00e1cil acesso.<\/p>\n<p>Nos dias em que iremos nos dedicar \u00e0 mudan\u00e7a, provavelmente no in\u00edcio da segunda quinzena de agosto, inevitavelmente teremos que interromper o atendimento ao p\u00fablico em alguns momentos, mas faremos o poss\u00edvel para evitar maiores transtornos e avisaremos com a devida anteced\u00eancia, pelo nosso site, redes sociais, mailing, etc.<\/p>\n<p>Assim que estivermos instalados na nova sede, faremos algumas mudan\u00e7as nos dias de atendimento ao p\u00fablico: continuem consultando sempre o nosso site antes de vir ao Consulado para evitar deslocamentos desnecess\u00e1rios.<\/p>\n<p>Iremos informar os novos hor\u00e1rios de cada setor assim que poss\u00edvel. J\u00e1 adiantamos que com esta nova organiza\u00e7\u00e3o, os nossos hor\u00e1rios de atendimento ser\u00e3o aumentados em 20%. Este \u00e9 um grande desafio, pois sem que haja uma mudan\u00e7a no n\u00famero de funcion\u00e1rios, o tempo que \u00e9 dedicado ao atendimento do p\u00fablico \u00e9 descontado do tempo dedicado ao trabalho interno e vice-versa, mas estamos fazendo o nosso melhor para oferecer os nossos servi\u00e7os de maneira eficiente e eficaz.<\/p>\n<p>Temos certeza de que voc\u00eas ficar\u00e3o muito orgulhosos com a nova Sede. Em breve mais informa\u00e7\u00f5es sobre a mudan\u00e7a!<\/p>\n<p>Na foto a fachada da nova Sede.<\/p>\n<p><img decoding=\"async\" src=\"resource\/img\/2017\/07\/per_sito_facciata.jpg\" alt=\"per sito facciata\" \/><\/p>\n","protected":false},"excerpt":{"rendered":"Como antecipado na \u00faltima mensagem \u00e0 coletividadeensagem \u00e0 coletividade\u00a0da C\u00f4nsul, nas pr\u00f3ximas semanas a Sede do Consulado da It\u00e1lia de Belo Horizonte ser\u00e1 transferida para uma nova estrutura, situada na Savassi, na Rua Alagoas, a poucos metros da pra\u00e7a da Liberdade, em uma regi\u00e3o bem servida por linhas de \u00f4nibus e de f\u00e1cil acesso. Nos [&hellip;]","protected":false},"author":1,"featured_media":0,"comment_status":"","ping_status":"","sticky":false,"template":"","format":"standard","meta":{"footnotes":""},"tags":[],"class_list":["post-1307","post","type-post","status-publish","format-standard","hentry"],"_links":{"self":[{"href":"https:\/\/consbelohorizonte.esteri.it\/pt\/wp-json\/wp\/v2\/posts\/1307","targetHints":{"allow":["GET"]}}],"collection":[{"href":"https:\/\/consbelohorizonte.esteri.it\/pt\/wp-json\/wp\/v2\/posts"}],"about":[{"href":"https:\/\/consbelohorizonte.esteri.it\/pt\/wp-json\/wp\/v2\/types\/post"}],"author":[{"embeddable":true,"href":"https:\/\/consbelohorizonte.esteri.it\/pt\/wp-json\/wp\/v2\/users\/1"}],"replies":[{"embeddable":true,"href":"https:\/\/consbelohorizonte.esteri.it\/pt\/wp-json\/wp\/v2\/comments?post=1307"}],"version-history":[{"count":0,"href":"https:\/\/consbelohorizonte.esteri.it\/pt\/wp-json\/wp\/v2\/posts\/1307\/revisions"}],"wp:attachment":[{"href":"https:\/\/consbelohorizonte.esteri.it\/pt\/wp-json\/wp\/v2\/media?parent=1307"}],"wp:term":[{"taxonomy":"post_tag","embeddable":true,"href":"https:\/\/consbelohorizonte.esteri.it\/pt\/wp-json\/wp\/v2\/tags?post=1307"}],"curies":[{"name":"wp","href":"https:\/\/api.w.org\/{rel}","templated":true}]}}