{"id":1305,"date":"2017-07-26T15:52:34","date_gmt":"2017-07-26T13:52:34","guid":{"rendered":"https:\/\/consbelohorizonte.esteri.it\/news\/dal_consolato\/2017\/07\/incontro-con-il-presidente-della-2\/"},"modified":"2017-07-26T15:52:34","modified_gmt":"2017-07-26T13:52:34","slug":"incontro-con-il-presidente-della-2","status":"publish","type":"post","link":"https:\/\/consbelohorizonte.esteri.it\/pt\/news\/dal_consolato\/2017\/07\/incontro-con-il-presidente-della-2\/","title":{"rendered":"ENCONTRO COM O PRESIDENTE DA FUNDA\u00c7\u00c3O MUNICIPAL DE CULTURA"},"content":{"rendered":"<p>No dia 24 de julho a C\u00f4nsul esteve na Funda\u00e7\u00e3o Municipal de Cultura para visitar seu novo Presidente, o ex-Ministro Juca Ferreira. Neste primeiro encontro a C\u00f4nsul e o Presidente recordaram as bem sucedidas atividades realizadas em colabora\u00e7\u00e3o nos \u00faltimos anos, como a participa\u00e7\u00e3o do dramaturgo Enzo Moscato no FIT &#8211; Festival Internacional de Teatro de Belo Horizonte.<\/p>\n<p>Entre as propostas para os pr\u00f3ximos meses, a participa\u00e7\u00e3o do Consulado na Virada Cultural e a colabora\u00e7\u00e3o em atividades ligadas ao cinema, tema da Semana da L\u00edngua Italiana que acontecer\u00e1 em outubro.<\/p>\n<p><img decoding=\"async\" src=\"resource\/img\/2017\/07\/visita_presidente_fmc.jpg\" alt=\"visita presidente fmc\" \/><\/p>\n<p>\u00a0<\/p>\n","protected":false},"excerpt":{"rendered":"No dia 24 de julho a C\u00f4nsul esteve na Funda\u00e7\u00e3o Municipal de Cultura para visitar seu novo Presidente, o ex-Ministro Juca Ferreira. Neste primeiro encontro a C\u00f4nsul e o Presidente recordaram as bem sucedidas atividades realizadas em colabora\u00e7\u00e3o nos \u00faltimos anos, como a participa\u00e7\u00e3o do dramaturgo Enzo Moscato no FIT &#8211; Festival Internacional de Teatro [&hellip;]","protected":false},"author":1,"featured_media":0,"comment_status":"","ping_status":"","sticky":false,"template":"","format":"standard","meta":{"footnotes":""},"tags":[],"class_list":["post-1305","post","type-post","status-publish","format-standard","hentry"],"_links":{"self":[{"href":"https:\/\/consbelohorizonte.esteri.it\/pt\/wp-json\/wp\/v2\/posts\/1305","targetHints":{"allow":["GET"]}}],"collection":[{"href":"https:\/\/consbelohorizonte.esteri.it\/pt\/wp-json\/wp\/v2\/posts"}],"about":[{"href":"https:\/\/consbelohorizonte.esteri.it\/pt\/wp-json\/wp\/v2\/types\/post"}],"author":[{"embeddable":true,"href":"https:\/\/consbelohorizonte.esteri.it\/pt\/wp-json\/wp\/v2\/users\/1"}],"replies":[{"embeddable":true,"href":"https:\/\/consbelohorizonte.esteri.it\/pt\/wp-json\/wp\/v2\/comments?post=1305"}],"version-history":[{"count":0,"href":"https:\/\/consbelohorizonte.esteri.it\/pt\/wp-json\/wp\/v2\/posts\/1305\/revisions"}],"wp:attachment":[{"href":"https:\/\/consbelohorizonte.esteri.it\/pt\/wp-json\/wp\/v2\/media?parent=1305"}],"wp:term":[{"taxonomy":"post_tag","embeddable":true,"href":"https:\/\/consbelohorizonte.esteri.it\/pt\/wp-json\/wp\/v2\/tags?post=1305"}],"curies":[{"name":"wp","href":"https:\/\/api.w.org\/{rel}","templated":true}]}}