{"id":1296,"date":"2017-08-11T17:39:15","date_gmt":"2017-08-11T15:39:15","guid":{"rendered":"https:\/\/consbelohorizonte.esteri.it\/news\/dal_consolato\/2017\/08\/comunicato-del-consolato-nuovi-2\/"},"modified":"2017-08-11T17:39:15","modified_gmt":"2017-08-11T15:39:15","slug":"comunicato-del-consolato-nuovi-2","status":"publish","type":"post","link":"https:\/\/consbelohorizonte.esteri.it\/pt\/news\/dal_consolato\/2017\/08\/comunicato-del-consolato-nuovi-2\/","title":{"rendered":"COMUNICADO DO CONSULADO &#8212; NOVOS HORARIOS DE ATENDIMENTO"},"content":{"rendered":"<p>Como adiantado nas \u00faltimas semanas, nos pr\u00f3ximos dias a sede do Consulado da It\u00e1lia em Belo Horizonte vai mudar de endere\u00e7o. O novo escrit\u00f3rio esperar\u00e1 por voc\u00eas na <strong>Rua Alagoas, 721 &#8211; Savassi<\/strong>.<\/p>\n<p>O novo escrit\u00f3rio est\u00e1 localizado a 200 metros da Pra\u00e7a da Liberdade e da Pra\u00e7a Diogo de Vasconcelos. A \u00e1rea \u00e9 servida pelas linhas de \u00f4nibus n. 4111 e 6030. Nas imedia\u00e7\u00f5es do novo escrit\u00f3rio, funcionam v\u00e1rios estacionamentos.<\/p>\n<p>Por ocasi\u00e3o da mudan\u00e7a, <strong>o escrit\u00f3rio ficar\u00e1 fechado ao p\u00fablico no per\u00edodo de 18-22 agosto<\/strong>. Desde j\u00e1, pedimos desculpas por qualquer inconveniente. Salvo circunst\u00e2ncias imprevistas, voltaremos a funcionar normalmente a partir de quarta-feira, <strong>23 de Agosto<\/strong>.<\/p>\n<p><strong>AVISO IMPORTANTE<\/strong>: a partir dessa data, entrar\u00e3o em vigor os <strong>novos hor\u00e1rios de atendimento do p\u00fablico<\/strong>, com um aumento de 20% dos hor\u00e1rios dispon\u00edveis e algumas mudan\u00e7as nos dias dedicados a cada setor. Especificamente:<\/p>\n<p><strong>Cadastro, Registro Civil<\/strong><br \/>Quartas e Quintas ore 09.00 \u2013 12.30<\/p>\n<p><strong>Passaportes<\/strong><br \/>Segundas, Quartas e Quintas ore 09.00 \u2013 12.30<\/p>\n<p><strong>Cidadania<\/strong><br \/>Segundas, Ter\u00e7as e Sextas ore 09.00 \u2013 12.30<\/p>\n<p><strong>Vistos<\/strong><br \/>Ter\u00e7as ore 09.00 \u2013 12.30<\/p>\n<p><strong>Estudo<\/strong><br \/>Segundas e Sextas ore 09.00 \u2013 12.30<\/p>\n<p><strong>Tabelionato<\/strong><br \/>Mediante contato direto com o setor, por e-mail.<\/p>\n<p>Por favor, tomem nota dos nossos novos hor\u00e1rios de opera\u00e7\u00e3o. Os endere\u00e7os de correio electr\u00f3nico de cada setor n\u00e3o sofrer\u00e3o altera\u00e7\u00f5es. Por favor, escreva um e-mail para o setor do que precisa, para esclarecer quaisquer d\u00favidas antes de vir ao Consulado.<\/p>\n<p>Agradecemos desde j\u00e1 aos nossos concidad\u00e3os e concidad\u00e3s pela compreens\u00e3o e a aten\u00e7\u00e3o.<\/p>\n<p>Belo Horizonte, 11 de agosto 2017<\/p>\n<p>\u00a0<\/p>\n","protected":false},"excerpt":{"rendered":"Como adiantado nas \u00faltimas semanas, nos pr\u00f3ximos dias a sede do Consulado da It\u00e1lia em Belo Horizonte vai mudar de endere\u00e7o. O novo escrit\u00f3rio esperar\u00e1 por voc\u00eas na Rua Alagoas, 721 &#8211; Savassi. O novo escrit\u00f3rio est\u00e1 localizado a 200 metros da Pra\u00e7a da Liberdade e da Pra\u00e7a Diogo de Vasconcelos. A \u00e1rea \u00e9 servida [&hellip;]","protected":false},"author":1,"featured_media":0,"comment_status":"","ping_status":"","sticky":false,"template":"","format":"standard","meta":{"footnotes":""},"tags":[],"class_list":["post-1296","post","type-post","status-publish","format-standard","hentry"],"_links":{"self":[{"href":"https:\/\/consbelohorizonte.esteri.it\/pt\/wp-json\/wp\/v2\/posts\/1296","targetHints":{"allow":["GET"]}}],"collection":[{"href":"https:\/\/consbelohorizonte.esteri.it\/pt\/wp-json\/wp\/v2\/posts"}],"about":[{"href":"https:\/\/consbelohorizonte.esteri.it\/pt\/wp-json\/wp\/v2\/types\/post"}],"author":[{"embeddable":true,"href":"https:\/\/consbelohorizonte.esteri.it\/pt\/wp-json\/wp\/v2\/users\/1"}],"replies":[{"embeddable":true,"href":"https:\/\/consbelohorizonte.esteri.it\/pt\/wp-json\/wp\/v2\/comments?post=1296"}],"version-history":[{"count":0,"href":"https:\/\/consbelohorizonte.esteri.it\/pt\/wp-json\/wp\/v2\/posts\/1296\/revisions"}],"wp:attachment":[{"href":"https:\/\/consbelohorizonte.esteri.it\/pt\/wp-json\/wp\/v2\/media?parent=1296"}],"wp:term":[{"taxonomy":"post_tag","embeddable":true,"href":"https:\/\/consbelohorizonte.esteri.it\/pt\/wp-json\/wp\/v2\/tags?post=1296"}],"curies":[{"name":"wp","href":"https:\/\/api.w.org\/{rel}","templated":true}]}}