{"id":1294,"date":"2017-08-27T00:21:08","date_gmt":"2017-08-26T22:21:08","guid":{"rendered":"https:\/\/consbelohorizonte.esteri.it\/news\/dal_consolato\/2017\/08\/comunicato-del-consolato-2\/"},"modified":"2017-08-27T00:21:08","modified_gmt":"2017-08-26T22:21:08","slug":"comunicato-del-consolato-2","status":"publish","type":"post","link":"https:\/\/consbelohorizonte.esteri.it\/pt\/news\/dal_consolato\/2017\/08\/comunicato-del-consolato-2\/","title":{"rendered":"COMUNICADO DO CONSULADO"},"content":{"rendered":"<p>Conforme anunciado, as atividades do Consulado da Italia em Minas Gerais retomaram no dia 23 de Agosto na nossa nova sede da Rua Alagoas 721 &#8211; Funcion\u00e1rios.<\/p>\n<p>Pedimos que nosso p\u00fablico tome atenta nota dos novos hor\u00e1rios dos servi\u00e7os consulares, <a href=\"http:\/\/www.consbelohorizonte.esteri.it\/consolato_belohorizonte\/pt\/il_consolato\/gli_uffici\/\">publicados aqui<\/a>.<\/p>\n<p>Devido \u00e0 recente mudan\u00e7a, nestas primeiras semanas alguns dos nossos servi\u00e7os podem sofrer altera\u00e7\u00f5es. Desde j\u00e1, pedimos desculpas por qualquer inconveniente, assegurando de que estamos fazendo todo o poss\u00edvel para a restaura\u00e7\u00e3o total de nossas fun\u00e7\u00f5es o mais rapidamente poss\u00edvel.<\/p>\n<p>Agradecemos a sua aten\u00e7\u00e3o e compreens\u00e3o!<\/p>\n","protected":false},"excerpt":{"rendered":"Conforme anunciado, as atividades do Consulado da Italia em Minas Gerais retomaram no dia 23 de Agosto na nossa nova sede da Rua Alagoas 721 &#8211; Funcion\u00e1rios. Pedimos que nosso p\u00fablico tome atenta nota dos novos hor\u00e1rios dos servi\u00e7os consulares, publicados aqui. Devido \u00e0 recente mudan\u00e7a, nestas primeiras semanas alguns dos nossos servi\u00e7os podem sofrer [&hellip;]","protected":false},"author":1,"featured_media":0,"comment_status":"","ping_status":"","sticky":false,"template":"","format":"standard","meta":{"footnotes":""},"tags":[],"class_list":["post-1294","post","type-post","status-publish","format-standard","hentry"],"_links":{"self":[{"href":"https:\/\/consbelohorizonte.esteri.it\/pt\/wp-json\/wp\/v2\/posts\/1294","targetHints":{"allow":["GET"]}}],"collection":[{"href":"https:\/\/consbelohorizonte.esteri.it\/pt\/wp-json\/wp\/v2\/posts"}],"about":[{"href":"https:\/\/consbelohorizonte.esteri.it\/pt\/wp-json\/wp\/v2\/types\/post"}],"author":[{"embeddable":true,"href":"https:\/\/consbelohorizonte.esteri.it\/pt\/wp-json\/wp\/v2\/users\/1"}],"replies":[{"embeddable":true,"href":"https:\/\/consbelohorizonte.esteri.it\/pt\/wp-json\/wp\/v2\/comments?post=1294"}],"version-history":[{"count":0,"href":"https:\/\/consbelohorizonte.esteri.it\/pt\/wp-json\/wp\/v2\/posts\/1294\/revisions"}],"wp:attachment":[{"href":"https:\/\/consbelohorizonte.esteri.it\/pt\/wp-json\/wp\/v2\/media?parent=1294"}],"wp:term":[{"taxonomy":"post_tag","embeddable":true,"href":"https:\/\/consbelohorizonte.esteri.it\/pt\/wp-json\/wp\/v2\/tags?post=1294"}],"curies":[{"name":"wp","href":"https:\/\/api.w.org\/{rel}","templated":true}]}}