{"id":1292,"date":"2017-08-27T00:34:07","date_gmt":"2017-08-26T22:34:07","guid":{"rendered":"https:\/\/consbelohorizonte.esteri.it\/news\/dal_consolato\/2017\/08\/torna-in-brasile-8-festa-del-cinema-2\/"},"modified":"2017-08-27T00:34:07","modified_gmt":"2017-08-26T22:34:07","slug":"torna-in-brasile-8-festa-del-cinema-2","status":"publish","type":"post","link":"https:\/\/consbelohorizonte.esteri.it\/pt\/news\/dal_consolato\/2017\/08\/torna-in-brasile-8-festa-del-cinema-2\/","title":{"rendered":"8 \u00bd FESTA DO CINEMA ITALIANO&#8221; VOLTA PARA O BRASIL"},"content":{"rendered":"<p>O festival 8 \u00bd Festa do Cinema Italiano traz mais uma vez ao Brasil uma sele\u00e7\u00e3o ambiciosa e exclusiva de alguns entre os melhores filmes da recente produ\u00e7\u00e3o italiana. As proje\u00e7\u00f5es ser\u00e3o realizadas de 31 de agosto a 6 de setembro de 2017, nas salas do circuito Espa\u00e7o Ita\u00fa de oito cidades de Salvador, Recife, S\u00e3o Paulo, Rio de Janeiro, Curitiba, Bras\u00edlia, Belo Horizonte e Porto Alegre.<br \/>Abre a festa o filme &#8220;Em Guerra por Amor&#8221;, de Pierfrancesco Diliberto Pif: uma com\u00e9dia de amor e m\u00e1fia passada durante a Segunda Guerra Mundial.<br \/>O 8 \u00bd Festa do Cinema Italiano \u00e9 um evento organizado no Brasil pela Associa\u00e7\u00e3o Il Sorpasso em colabora\u00e7\u00e3o com Mottironi Editore e com o apoio institucional da Embaixada da It\u00e1lia em Bras\u00edlia, dos Institutos Italianos de Cultura de S\u00e3o Paulo e Rio de Janeiro, do Cinecitt\u00e0 Luce, do Minist\u00e9rio da Cultura Italiana (MIBACT Direzione Cinema) e do Anica. Al\u00e9m disso, conta ainda com a colabora\u00e7\u00e3o da rede de Consulados Italianos em todas as cidades que recebem o festival no Brasil.<br \/>Mais novidades, informa\u00e7\u00f5es e programa\u00e7\u00e3o definitiva com as fichas t\u00e9cnicas dos filmes no website oficial: <a href=\"http:\/\/www.festadocinemaitaliano.com.br\">www.festadocinemaitaliano.com.br<\/a> ou <a href=\"resource\/doc\/2017\/08\/fci17-br-programa-web-final.pdf\">clicando aqui<\/a>.<\/p>\n","protected":false},"excerpt":{"rendered":"O festival 8 \u00bd Festa do Cinema Italiano traz mais uma vez ao Brasil uma sele\u00e7\u00e3o ambiciosa e exclusiva de alguns entre os melhores filmes da recente produ\u00e7\u00e3o italiana. As proje\u00e7\u00f5es ser\u00e3o realizadas de 31 de agosto a 6 de setembro de 2017, nas salas do circuito Espa\u00e7o Ita\u00fa de oito cidades de Salvador, Recife, [&hellip;]","protected":false},"author":1,"featured_media":0,"comment_status":"","ping_status":"","sticky":false,"template":"","format":"standard","meta":{"footnotes":""},"tags":[],"class_list":["post-1292","post","type-post","status-publish","format-standard","hentry"],"_links":{"self":[{"href":"https:\/\/consbelohorizonte.esteri.it\/pt\/wp-json\/wp\/v2\/posts\/1292","targetHints":{"allow":["GET"]}}],"collection":[{"href":"https:\/\/consbelohorizonte.esteri.it\/pt\/wp-json\/wp\/v2\/posts"}],"about":[{"href":"https:\/\/consbelohorizonte.esteri.it\/pt\/wp-json\/wp\/v2\/types\/post"}],"author":[{"embeddable":true,"href":"https:\/\/consbelohorizonte.esteri.it\/pt\/wp-json\/wp\/v2\/users\/1"}],"replies":[{"embeddable":true,"href":"https:\/\/consbelohorizonte.esteri.it\/pt\/wp-json\/wp\/v2\/comments?post=1292"}],"version-history":[{"count":0,"href":"https:\/\/consbelohorizonte.esteri.it\/pt\/wp-json\/wp\/v2\/posts\/1292\/revisions"}],"wp:attachment":[{"href":"https:\/\/consbelohorizonte.esteri.it\/pt\/wp-json\/wp\/v2\/media?parent=1292"}],"wp:term":[{"taxonomy":"post_tag","embeddable":true,"href":"https:\/\/consbelohorizonte.esteri.it\/pt\/wp-json\/wp\/v2\/tags?post=1292"}],"curies":[{"name":"wp","href":"https:\/\/api.w.org\/{rel}","templated":true}]}}