{"id":1290,"date":"2017-09-19T17:57:57","date_gmt":"2017-09-19T15:57:57","guid":{"rendered":"https:\/\/consbelohorizonte.esteri.it\/news\/dal_consolato\/2017\/09\/3a-edizione-della-festa-italiana-2\/"},"modified":"2017-09-19T17:57:57","modified_gmt":"2017-09-19T15:57:57","slug":"3a-edizione-della-festa-italiana-2","status":"publish","type":"post","link":"https:\/\/consbelohorizonte.esteri.it\/pt\/news\/dal_consolato\/2017\/09\/3a-edizione-della-festa-italiana-2\/","title":{"rendered":"3a edi\u00e7\u00e3o da Festa Italiana de Po\u00e7os de Caldas!"},"content":{"rendered":"<p>Ser\u00e1 realizada de 22 a 24 de setembro a terceira edi\u00e7\u00e3o da Festa Italia per Sempre, uma iniciativa da Ag\u00eancia Consular Honor\u00e1ria de Po\u00e7os de Caldas e do C\u00edrculo italiano-brasileiro do Sul de Minas Gerais.<\/p>\n<p>O evento acontecer\u00e1 na Plaza Jos\u00e9 Affonso Junqueria (atr\u00e1s do Palace Hotel) e trar\u00e1 para a cidade o melhor da m\u00fasica e da gastronomia italiana.<\/p>\n<p>A C\u00f4nsul Aurora Russi estar\u00e1 presente para prestigiar a coletividade de Po\u00e7os de Caldas.<\/p>\n<p>Esperamos por voc\u00eas! Confira a programa\u00e7\u00e3o aqui:<\/p>\n<p><img decoding=\"async\" alt=\"festa italiana poos\" src=\"resource\/img\/2017\/09\/festa_italiana_poos.jpg\" \/><\/p>\n","protected":false},"excerpt":{"rendered":"Ser\u00e1 realizada de 22 a 24 de setembro a terceira edi\u00e7\u00e3o da Festa Italia per Sempre, uma iniciativa da Ag\u00eancia Consular Honor\u00e1ria de Po\u00e7os de Caldas e do C\u00edrculo italiano-brasileiro do Sul de Minas Gerais. O evento acontecer\u00e1 na Plaza Jos\u00e9 Affonso Junqueria (atr\u00e1s do Palace Hotel) e trar\u00e1 para a cidade o melhor da [&hellip;]","protected":false},"author":1,"featured_media":0,"comment_status":"","ping_status":"","sticky":false,"template":"","format":"standard","meta":{"footnotes":""},"tags":[],"class_list":["post-1290","post","type-post","status-publish","format-standard","hentry"],"_links":{"self":[{"href":"https:\/\/consbelohorizonte.esteri.it\/pt\/wp-json\/wp\/v2\/posts\/1290","targetHints":{"allow":["GET"]}}],"collection":[{"href":"https:\/\/consbelohorizonte.esteri.it\/pt\/wp-json\/wp\/v2\/posts"}],"about":[{"href":"https:\/\/consbelohorizonte.esteri.it\/pt\/wp-json\/wp\/v2\/types\/post"}],"author":[{"embeddable":true,"href":"https:\/\/consbelohorizonte.esteri.it\/pt\/wp-json\/wp\/v2\/users\/1"}],"replies":[{"embeddable":true,"href":"https:\/\/consbelohorizonte.esteri.it\/pt\/wp-json\/wp\/v2\/comments?post=1290"}],"version-history":[{"count":0,"href":"https:\/\/consbelohorizonte.esteri.it\/pt\/wp-json\/wp\/v2\/posts\/1290\/revisions"}],"wp:attachment":[{"href":"https:\/\/consbelohorizonte.esteri.it\/pt\/wp-json\/wp\/v2\/media?parent=1290"}],"wp:term":[{"taxonomy":"post_tag","embeddable":true,"href":"https:\/\/consbelohorizonte.esteri.it\/pt\/wp-json\/wp\/v2\/tags?post=1290"}],"curies":[{"name":"wp","href":"https:\/\/api.w.org\/{rel}","templated":true}]}}