{"id":1288,"date":"2017-09-19T23:08:55","date_gmt":"2017-09-19T21:08:55","guid":{"rendered":"https:\/\/consbelohorizonte.esteri.it\/news\/dal_consolato\/2017\/09\/visita-del-colegio-bernoulli-in-2\/"},"modified":"2017-09-19T23:08:55","modified_gmt":"2017-09-19T21:08:55","slug":"visita-del-colegio-bernoulli-in-2","status":"publish","type":"post","link":"https:\/\/consbelohorizonte.esteri.it\/pt\/news\/dal_consolato\/2017\/09\/visita-del-colegio-bernoulli-in-2\/","title":{"rendered":"Visita do Colegio Bernoulli ao Consulado"},"content":{"rendered":"<p>Em 18 de setembro, a c\u00f4nsul Aurora Russi recebeu no Consulado os estudantes e as estudantes do Col\u00e9gio Bernoulli para um debate sobre a diplomacia, o papel das Embaixadas e dos Consulados, o sistema It\u00e1lia de Minas Gerais e o trabalho do diplomata.<\/p>\n<p>Este \u00e9 o terceiro ano consecutivo em que A C\u00f4nsul recebe os alunos e alunas de Bernoulli.<\/p>\n<p>\u00a0<\/p>\n","protected":false},"excerpt":{"rendered":"Em 18 de setembro, a c\u00f4nsul Aurora Russi recebeu no Consulado os estudantes e as estudantes do Col\u00e9gio Bernoulli para um debate sobre a diplomacia, o papel das Embaixadas e dos Consulados, o sistema It\u00e1lia de Minas Gerais e o trabalho do diplomata. Este \u00e9 o terceiro ano consecutivo em que A C\u00f4nsul recebe os [&hellip;]","protected":false},"author":1,"featured_media":0,"comment_status":"","ping_status":"","sticky":false,"template":"","format":"standard","meta":{"footnotes":""},"tags":[],"class_list":["post-1288","post","type-post","status-publish","format-standard","hentry"],"_links":{"self":[{"href":"https:\/\/consbelohorizonte.esteri.it\/pt\/wp-json\/wp\/v2\/posts\/1288","targetHints":{"allow":["GET"]}}],"collection":[{"href":"https:\/\/consbelohorizonte.esteri.it\/pt\/wp-json\/wp\/v2\/posts"}],"about":[{"href":"https:\/\/consbelohorizonte.esteri.it\/pt\/wp-json\/wp\/v2\/types\/post"}],"author":[{"embeddable":true,"href":"https:\/\/consbelohorizonte.esteri.it\/pt\/wp-json\/wp\/v2\/users\/1"}],"replies":[{"embeddable":true,"href":"https:\/\/consbelohorizonte.esteri.it\/pt\/wp-json\/wp\/v2\/comments?post=1288"}],"version-history":[{"count":0,"href":"https:\/\/consbelohorizonte.esteri.it\/pt\/wp-json\/wp\/v2\/posts\/1288\/revisions"}],"wp:attachment":[{"href":"https:\/\/consbelohorizonte.esteri.it\/pt\/wp-json\/wp\/v2\/media?parent=1288"}],"wp:term":[{"taxonomy":"post_tag","embeddable":true,"href":"https:\/\/consbelohorizonte.esteri.it\/pt\/wp-json\/wp\/v2\/tags?post=1288"}],"curies":[{"name":"wp","href":"https:\/\/api.w.org\/{rel}","templated":true}]}}