{"id":1286,"date":"2017-09-19T23:31:21","date_gmt":"2017-09-19T21:31:21","guid":{"rendered":"https:\/\/consbelohorizonte.esteri.it\/news\/dal_consolato\/2017\/09\/inaugurazione-dell-impianto-di-2\/"},"modified":"2017-09-19T23:31:21","modified_gmt":"2017-09-19T21:31:21","slug":"inaugurazione-dell-impianto-di-2","status":"publish","type":"post","link":"https:\/\/consbelohorizonte.esteri.it\/pt\/news\/dal_consolato\/2017\/09\/inaugurazione-dell-impianto-di-2\/","title":{"rendered":"Abertura da usina de biogas da Asja Ambiente em Sabar\u00e1"},"content":{"rendered":"<p>Em 14 de setembro, a c\u00f4nsul Aurora Russi participou da inaugura\u00e7\u00e3o de uma usina de gera\u00e7\u00e3o de biog\u00e1s do grupo italiano ASJA AMBIENTE na cidade de Sabar\u00e1, na grande Belo Horizonte.<\/p>\n<p>Trata-se de um investimento de cerca de 7 milh\u00f5es de euros (R $ 21 milh\u00f5es), constitu\u00eddo por uma instala\u00e7\u00e3o de 100 po\u00e7os no aterro de Sabar\u00e1 (que recebe o lixo da capital mineira), que gera 5,5 MW de energia (quantidade suficiente para gerir uma cidade de cerca de 50 mil habitantes).<\/p>\n<p>A ASJA \u00e9 l\u00edder em energia renov\u00e1vel na It\u00e1lia e trabalha no Brasil desde o in\u00edcio dos anos 2000, quando abriu duas usinas em Belo Horizonte e Uberl\u00e2ndia. Este de Sabar\u00e1 \u00e9 a maior usina do grupo no Brasil.<\/p>\n<p>Para mais informa\u00e7\u00f5es: <a href=\"http:\/\/www.asja.energy\/\">http:\/\/www.asja.energy\/<\/a><\/p>\n<p>Na foto, a Consul cortando a fita com o presidente mundial da Asja Ambiente Agostino Re Rebaudengo.<\/p>\n<p><img decoding=\"async\" alt=\"taglio nastro\" src=\"resource\/img\/2017\/09\/taglio_nastro.jpg\" \/><\/p>\n","protected":false},"excerpt":{"rendered":"Em 14 de setembro, a c\u00f4nsul Aurora Russi participou da inaugura\u00e7\u00e3o de uma usina de gera\u00e7\u00e3o de biog\u00e1s do grupo italiano ASJA AMBIENTE na cidade de Sabar\u00e1, na grande Belo Horizonte. Trata-se de um investimento de cerca de 7 milh\u00f5es de euros (R $ 21 milh\u00f5es), constitu\u00eddo por uma instala\u00e7\u00e3o de 100 po\u00e7os no aterro [&hellip;]","protected":false},"author":1,"featured_media":0,"comment_status":"","ping_status":"","sticky":false,"template":"","format":"standard","meta":{"footnotes":""},"tags":[],"class_list":["post-1286","post","type-post","status-publish","format-standard","hentry"],"_links":{"self":[{"href":"https:\/\/consbelohorizonte.esteri.it\/pt\/wp-json\/wp\/v2\/posts\/1286","targetHints":{"allow":["GET"]}}],"collection":[{"href":"https:\/\/consbelohorizonte.esteri.it\/pt\/wp-json\/wp\/v2\/posts"}],"about":[{"href":"https:\/\/consbelohorizonte.esteri.it\/pt\/wp-json\/wp\/v2\/types\/post"}],"author":[{"embeddable":true,"href":"https:\/\/consbelohorizonte.esteri.it\/pt\/wp-json\/wp\/v2\/users\/1"}],"replies":[{"embeddable":true,"href":"https:\/\/consbelohorizonte.esteri.it\/pt\/wp-json\/wp\/v2\/comments?post=1286"}],"version-history":[{"count":0,"href":"https:\/\/consbelohorizonte.esteri.it\/pt\/wp-json\/wp\/v2\/posts\/1286\/revisions"}],"wp:attachment":[{"href":"https:\/\/consbelohorizonte.esteri.it\/pt\/wp-json\/wp\/v2\/media?parent=1286"}],"wp:term":[{"taxonomy":"post_tag","embeddable":true,"href":"https:\/\/consbelohorizonte.esteri.it\/pt\/wp-json\/wp\/v2\/tags?post=1286"}],"curies":[{"name":"wp","href":"https:\/\/api.w.org\/{rel}","templated":true}]}}