{"id":1284,"date":"2017-09-26T21:06:11","date_gmt":"2017-09-26T19:06:11","guid":{"rendered":"https:\/\/consbelohorizonte.esteri.it\/news\/dal_consolato\/2017\/09\/visita-della-console-a-pocos-de-2\/"},"modified":"2017-09-26T21:06:11","modified_gmt":"2017-09-26T19:06:11","slug":"visita-della-console-a-pocos-de-2","status":"publish","type":"post","link":"https:\/\/consbelohorizonte.esteri.it\/pt\/news\/dal_consolato\/2017\/09\/visita-della-console-a-pocos-de-2\/","title":{"rendered":"Visita da C\u00f4nsul a Po\u00e7os de Caldas"},"content":{"rendered":"<p>Nos dias 22, 23 e 24 de setembro, ocorreu em Po\u00e7os de Caldas a terceira edi\u00e7\u00e3o do feriado italiano &#8220;Italia per sempre&#8221;, organizada pela Ag\u00eancia Consular Honor\u00e1ria liderada pelo Pe. Graziano Cirina e o Circolo Italo-brasileiro do Sul de Minas.<\/p>\n<p>A Consul participou do evento, juntamente com o Secret\u00e1rio Geral da C\u00e2mara de Com\u00e9rcio Leonardo Freitas. Com a ocasi\u00e3o da viagem a Po\u00e7os de Caldas, a C\u00f4nsul tamb\u00e9m manteve um encontro com o novo prefeito da cidade Sergio Azevedo, visitou a f\u00e1brica Cristais S\u00e3o Marcos do descendente italiano Antonio Carlos Molinari e conheceu o novo diretor da f\u00e1brica Ferrero Roberto Po.<\/p>\n<p>Durante a festa, a mesmo Consul recebeu uma homenagem da comunidade de Po\u00e7os, juntamente com o senador da Rep\u00fablica Italiana Fausto Guilherme Longo.<\/p>\n<p>Finalmente, em 24 de setembro, a c\u00f4nsul e o senador Longo foram ao velorio do ex-prefeito de Po\u00e7os de Caldas e ex-deputado Sebasti\u00e3o Navarro, que tamb\u00e9m era membro do circolo italiano, sendo tamb\u00e9m de origem italiana. Navarro faleceu nos dias da festa, e foi lembrado durante o evento com um minuto de sil\u00eancio.<\/p>\n<p>Nas fotos: a Consul no encontro com o Prefeito; com\u00a0Pe Graziano Cirina.<\/p>\n<p><img decoding=\"async\" alt=\"incontro prefeito\" src=\"resource\/img\/2017\/09\/incontro_prefeito.jpg\" \/><\/p>\n<p><img decoding=\"async\" alt=\"con padre cirina\" src=\"resource\/img\/2017\/09\/con_padre_cirina.jpg\" \/><\/p>\n","protected":false},"excerpt":{"rendered":"Nos dias 22, 23 e 24 de setembro, ocorreu em Po\u00e7os de Caldas a terceira edi\u00e7\u00e3o do feriado italiano &#8220;Italia per sempre&#8221;, organizada pela Ag\u00eancia Consular Honor\u00e1ria liderada pelo Pe. Graziano Cirina e o Circolo Italo-brasileiro do Sul de Minas. A Consul participou do evento, juntamente com o Secret\u00e1rio Geral da C\u00e2mara de Com\u00e9rcio Leonardo [&hellip;]","protected":false},"author":1,"featured_media":0,"comment_status":"","ping_status":"","sticky":false,"template":"","format":"standard","meta":{"footnotes":""},"tags":[],"class_list":["post-1284","post","type-post","status-publish","format-standard","hentry"],"_links":{"self":[{"href":"https:\/\/consbelohorizonte.esteri.it\/pt\/wp-json\/wp\/v2\/posts\/1284","targetHints":{"allow":["GET"]}}],"collection":[{"href":"https:\/\/consbelohorizonte.esteri.it\/pt\/wp-json\/wp\/v2\/posts"}],"about":[{"href":"https:\/\/consbelohorizonte.esteri.it\/pt\/wp-json\/wp\/v2\/types\/post"}],"author":[{"embeddable":true,"href":"https:\/\/consbelohorizonte.esteri.it\/pt\/wp-json\/wp\/v2\/users\/1"}],"replies":[{"embeddable":true,"href":"https:\/\/consbelohorizonte.esteri.it\/pt\/wp-json\/wp\/v2\/comments?post=1284"}],"version-history":[{"count":0,"href":"https:\/\/consbelohorizonte.esteri.it\/pt\/wp-json\/wp\/v2\/posts\/1284\/revisions"}],"wp:attachment":[{"href":"https:\/\/consbelohorizonte.esteri.it\/pt\/wp-json\/wp\/v2\/media?parent=1284"}],"wp:term":[{"taxonomy":"post_tag","embeddable":true,"href":"https:\/\/consbelohorizonte.esteri.it\/pt\/wp-json\/wp\/v2\/tags?post=1284"}],"curies":[{"name":"wp","href":"https:\/\/api.w.org\/{rel}","templated":true}]}}