{"id":1282,"date":"2017-09-27T21:23:50","date_gmt":"2017-09-27T19:23:50","guid":{"rendered":"https:\/\/consbelohorizonte.esteri.it\/news\/dal_consolato\/2017\/09\/cittadinanza-2008-2009-comunicato-2\/"},"modified":"2017-09-27T21:23:50","modified_gmt":"2017-09-27T19:23:50","slug":"cittadinanza-2008-2009-comunicato-2","status":"publish","type":"post","link":"https:\/\/consbelohorizonte.esteri.it\/pt\/news\/dal_consolato\/2017\/09\/cittadinanza-2008-2009-comunicato-2\/","title":{"rendered":"CIDADANIA 2008-2009 &#8211; COMUNICADO DO CONSULADO"},"content":{"rendered":"<p>Para melhor atender o nosso p\u00fablico, ser\u00e1 disponibilizada no sistema de agendamento online tamb\u00e9m para o m\u00eas de outubro a op\u00e7\u00e3o \u201cCIDADANIA POR DESCEND\u00caNCIA 2008\/2009\u201d, que dever\u00e1 ser utilizada para agendamento apenas para aqueles que enviaram pedido neste per\u00edodo. N\u00e3o ser\u00e1 poss\u00edvel agendamento, nesta op\u00e7\u00e3o, para agendamento das pr\u00f3ximas convoca\u00e7\u00f5es. Alertamos que agendamentos dos anos 2008\/2009, feitos em outra op\u00e7\u00e3o, ser\u00e3o cancelados.<\/p>\n<p>Ap\u00f3s outubro, convidamos aqueles que por qualquer motivo n\u00e3o conseguiram se agendar, caso queiram, enviar novamente o requerimento para entrar novamente na lista de espera, sem prejudicar as convoca\u00e7\u00f5es de anos posteriores.<\/p>\n<p>Ressaltamos tamb\u00e9m que esta convoca\u00e7\u00e3o, como as anteriores, teve um prazo de seis meses, por\u00e9m foi anunciada tr\u00eas meses antes de come\u00e7ar o agendamento, ou seja, os interessados tiveram nove meses para prepararem a documenta\u00e7\u00e3o. Esperamos para as pr\u00f3ximas convoca\u00e7\u00f5es que a apresenta\u00e7\u00e3o dos documentos n\u00e3o seja mais deixada para o \u00faltimo momento, dificultando o trabalho deste Consulado e prejudicando os interesses das pessoas que entraram na lista de espera em anos sucessivos.<\/p>\n","protected":false},"excerpt":{"rendered":"Para melhor atender o nosso p\u00fablico, ser\u00e1 disponibilizada no sistema de agendamento online tamb\u00e9m para o m\u00eas de outubro a op\u00e7\u00e3o \u201cCIDADANIA POR DESCEND\u00caNCIA 2008\/2009\u201d, que dever\u00e1 ser utilizada para agendamento apenas para aqueles que enviaram pedido neste per\u00edodo. N\u00e3o ser\u00e1 poss\u00edvel agendamento, nesta op\u00e7\u00e3o, para agendamento das pr\u00f3ximas convoca\u00e7\u00f5es. Alertamos que agendamentos dos anos [&hellip;]","protected":false},"author":1,"featured_media":0,"comment_status":"","ping_status":"","sticky":false,"template":"","format":"standard","meta":{"footnotes":""},"tags":[],"class_list":["post-1282","post","type-post","status-publish","format-standard","hentry"],"_links":{"self":[{"href":"https:\/\/consbelohorizonte.esteri.it\/pt\/wp-json\/wp\/v2\/posts\/1282","targetHints":{"allow":["GET"]}}],"collection":[{"href":"https:\/\/consbelohorizonte.esteri.it\/pt\/wp-json\/wp\/v2\/posts"}],"about":[{"href":"https:\/\/consbelohorizonte.esteri.it\/pt\/wp-json\/wp\/v2\/types\/post"}],"author":[{"embeddable":true,"href":"https:\/\/consbelohorizonte.esteri.it\/pt\/wp-json\/wp\/v2\/users\/1"}],"replies":[{"embeddable":true,"href":"https:\/\/consbelohorizonte.esteri.it\/pt\/wp-json\/wp\/v2\/comments?post=1282"}],"version-history":[{"count":0,"href":"https:\/\/consbelohorizonte.esteri.it\/pt\/wp-json\/wp\/v2\/posts\/1282\/revisions"}],"wp:attachment":[{"href":"https:\/\/consbelohorizonte.esteri.it\/pt\/wp-json\/wp\/v2\/media?parent=1282"}],"wp:term":[{"taxonomy":"post_tag","embeddable":true,"href":"https:\/\/consbelohorizonte.esteri.it\/pt\/wp-json\/wp\/v2\/tags?post=1282"}],"curies":[{"name":"wp","href":"https:\/\/api.w.org\/{rel}","templated":true}]}}