{"id":1280,"date":"2017-10-02T17:14:08","date_gmt":"2017-10-02T15:14:08","guid":{"rendered":"https:\/\/consbelohorizonte.esteri.it\/news\/dal_consolato\/2017\/10\/opera-di-san-michele-arcangelo-2\/"},"modified":"2017-10-02T17:14:08","modified_gmt":"2017-10-02T15:14:08","slug":"opera-di-san-michele-arcangelo-2","status":"publish","type":"post","link":"https:\/\/consbelohorizonte.esteri.it\/pt\/news\/dal_consolato\/2017\/10\/opera-di-san-michele-arcangelo-2\/","title":{"rendered":"SOCIEDADE S. MIGUEL ARCANJO: ABERTURA DA IGREJA DE S. MIGUEL EM BARBACENA"},"content":{"rendered":"<p>Em 29 de setembro, a C\u00f4nsul participou da missa inaugural da Igreja de S. Miguel Arcanjo em Barbacena, na &#8220;Sociedade S. Miguel Arcanjo&#8221;, criatura do mission\u00e1rio italiano Marco Roberto Bertoli.<br \/>Trata-se de uma r\u00e9plica perfeita da abadia Sant&#8217;Egidio em Fontanella em Sotto il Monte (Bergamo).<br \/>Em outras palavras Bertoli, que h\u00e1 quase 20 anos acolhe na Opera 450 crian\u00e7as e adolescentes retirados de suas fam\u00edlias por diversas raz\u00f5es relacionadas \u00e0 deteriora\u00e7\u00e3o social e abandono, reconstruiu uma igreja em estilo rom\u00e2nico.<br \/>Para a missa inaugural, presidida pelo Arcebispo Geraldo Lyrio Rocha de Mariana, estavam presentes, a convite da c\u00f4nsul, o Secret\u00e1rio de Cultura do Estado de Minas Gerais Angelo Oswaldo de Ara\u00fajo Santos, representando o Governador, e o deputado federal Eros Biondini, al\u00e9m de ex-Senador e Deputado, bem como ex-Ministro das Comunica\u00e7\u00f5es e duas vezes candidato para o Governo de Minas Gerais, Helio Costa. Tamb\u00e9m participou do evento a Prefeitura de de Barbacena, com o Prefeito, a vice-Prefeita e v\u00e1rios secret\u00e1rios.<br \/>Al\u00e9m disso, havia todos os representantes consulares honor\u00e1rios da regi\u00e3o (em particular, Juiz de Fora, Barbacena e S. Jo\u00e3o del Rei) e representantes das institui\u00e7\u00f5es italianas em Minas Gerais: o Presidente da C\u00e2mara de Com\u00e9rcio, Valentino Rizzioli, o vice-presidente da C\u00e2mara e fundador da ACIBRA Mario Araldi, a Conselheira CGIE Silvia Alciati e alguns membros da comunidade italiana de Barbacena.<br \/>Todos os presentes concordaram com a unicidade da Igreja, do evento e da estrutura do Bertoli, que na It\u00e1lia tem um enorme seguimento (http:\/\/www.ilpadrepellegrino.org\/la-nostra-missione.html). Sem sombra de d\u00favida, \u00e9 uma das hist\u00f3rias mais extraordin\u00e1rias da solidariedade italiana no Brasil.<\/p>\n<p>Na foto, a C\u00f4nsul, Roberto Bertoli e o Secret\u00e1rio de Estado da Cultura Angelo Oswaldo de Araujo Santos.<\/p>\n<p><img decoding=\"async\" src=\"resource\/img\/2017\/10\/per_sito_1_angelo_oswaldo.jpg\" alt=\"per sito 1 angelo oswaldo\" \/><\/p>\n","protected":false},"excerpt":{"rendered":"Em 29 de setembro, a C\u00f4nsul participou da missa inaugural da Igreja de S. Miguel Arcanjo em Barbacena, na &#8220;Sociedade S. Miguel Arcanjo&#8221;, criatura do mission\u00e1rio italiano Marco Roberto Bertoli.Trata-se de uma r\u00e9plica perfeita da abadia Sant&#8217;Egidio em Fontanella em Sotto il Monte (Bergamo).Em outras palavras Bertoli, que h\u00e1 quase 20 anos acolhe na Opera [&hellip;]","protected":false},"author":1,"featured_media":0,"comment_status":"","ping_status":"","sticky":false,"template":"","format":"standard","meta":{"footnotes":""},"tags":[],"class_list":["post-1280","post","type-post","status-publish","format-standard","hentry"],"_links":{"self":[{"href":"https:\/\/consbelohorizonte.esteri.it\/pt\/wp-json\/wp\/v2\/posts\/1280","targetHints":{"allow":["GET"]}}],"collection":[{"href":"https:\/\/consbelohorizonte.esteri.it\/pt\/wp-json\/wp\/v2\/posts"}],"about":[{"href":"https:\/\/consbelohorizonte.esteri.it\/pt\/wp-json\/wp\/v2\/types\/post"}],"author":[{"embeddable":true,"href":"https:\/\/consbelohorizonte.esteri.it\/pt\/wp-json\/wp\/v2\/users\/1"}],"replies":[{"embeddable":true,"href":"https:\/\/consbelohorizonte.esteri.it\/pt\/wp-json\/wp\/v2\/comments?post=1280"}],"version-history":[{"count":0,"href":"https:\/\/consbelohorizonte.esteri.it\/pt\/wp-json\/wp\/v2\/posts\/1280\/revisions"}],"wp:attachment":[{"href":"https:\/\/consbelohorizonte.esteri.it\/pt\/wp-json\/wp\/v2\/media?parent=1280"}],"wp:term":[{"taxonomy":"post_tag","embeddable":true,"href":"https:\/\/consbelohorizonte.esteri.it\/pt\/wp-json\/wp\/v2\/tags?post=1280"}],"curies":[{"name":"wp","href":"https:\/\/api.w.org\/{rel}","templated":true}]}}