{"id":1278,"date":"2017-10-03T21:28:33","date_gmt":"2017-10-03T19:28:33","guid":{"rendered":"https:\/\/consbelohorizonte.esteri.it\/news\/dal_consolato\/2017\/10\/il-corpo-della-materia-la-materia-2\/"},"modified":"2017-10-03T21:28:33","modified_gmt":"2017-10-03T19:28:33","slug":"il-corpo-della-materia-la-materia-2","status":"publish","type":"post","link":"https:\/\/consbelohorizonte.esteri.it\/pt\/news\/dal_consolato\/2017\/10\/il-corpo-della-materia-la-materia-2\/","title":{"rendered":"&#8220;O CORPO DA MAT\u00c9RIA. A MAT\u00c9RIA DO CORPO&#8221; &#8212; PAOLO GRASSINO E LUIGI MAINOLFI NA CASA FIAT DE CULTURA"},"content":{"rendered":"<p>Os artistas italianos Paolo Grassino e Luigi Mainolfi desembarcam na Casa Fiat de Cultura, de 5 de outubro a 3 de dezembro de 2017, para apresentar a exposi\u00e7\u00e3o O Corpo da Mat\u00e9ria. A Mat\u00e9ria do Corpo. A mostra de arte contempor\u00e2nea conta com 25 obras, entre esculturas, pinturas, instala\u00e7\u00f5es e videoarte, e inspira indaga\u00e7\u00f5es sobre a atualidade, ricas de tens\u00f5es e paradoxos, a partir de experimenta\u00e7\u00f5es com a mat\u00e9ria e o corpo no fazer art\u00edstico. Esta \u00e9 a primeira vez que Grassino (Torino, It\u00e1lia, 1967) exp\u00f5e suas obras no Brasil, enquanto Mainolfi (Rotondi, It\u00e1lia, 1948), que foi seu mestre no in\u00edcio da carreira, j\u00e1 participou da Bienal de S\u00e3o Paulo, em 1981. Para a mostra na Casa Fiat de Cultura, cada um projetou uma obra in\u00e9dita: Mainolfi exp\u00f5e o conjunto de esculturas Terre nove (Nove Terras) e Grassino cria nova apresenta\u00e7\u00e3o para a instala\u00e7\u00e3o Per sedurre gli insetti (Para seduzir os insetos). A curadoria \u00e9 do cr\u00edtico de arte italiano Alessandro Demma e a expografia do arquiteto italiano Edoardo Fontana. A entrada e toda a programa\u00e7\u00e3o educativa s\u00e3o gratuitas.<\/p>\n<p>A escolha do material pelos artistas \u00e9 definitiva para a constru\u00e7\u00e3o conceitual do processo criativo. As mat\u00e9rias carregam significados que s\u00e3o evidenciados quando se transformam em corpos art\u00edsticos. As obras de Paolo Grassino s\u00e3o feitas de material contempor\u00e2neo \u2013 espuma sint\u00e9tica, resina, alum\u00ednio, tubo enrugado, cabos el\u00e9tricos e l\u00e2mpadas \u2013, enquanto as pe\u00e7as de Luigi Mainolfi s\u00e3o feitas com material mais tradicional \u2013 como terracota, bronze e a\u00e7o. Ainda assim \u201csuas cria\u00e7\u00f5es dialogam e carregam a mesma ess\u00eancia, que \u00e9 a rela\u00e7\u00e3o entre mat\u00e9ria, corpo e arte: de como materiais simples podem ser moldados e transformados em objetos que permitem uma reflex\u00e3o sobre o mundo, a natureza e a humanidade, e a frequente representa\u00e7\u00e3o do corpo nesses objetos como forma de entender a si e \u00e0 sociedade atual\u201d, destaca o curador Alessandro Demma.<\/p>\n<p>De acordo com Alessandro Demma, trazer a exposi\u00e7\u00e3o O Corpo da Mat\u00e9ria. A Mat\u00e9ria do Corpo. Paolo Grassino e Luigi Mainolfi a Belo Horizonte significa apresentar ao p\u00fablico dois expoentes da arte contempor\u00e2nea italiana de diferentes gera\u00e7\u00f5es, mostrando o curso da produ\u00e7\u00e3o art\u00edstica em seu pa\u00eds.<\/p>\n<p>Para o presidente da Casa Fiat de Cultura, Jos\u00e9 Eduardo de Lima Pereira, ser um portal de acesso \u00e0 cultura italiana \u00e9 uma das principais voca\u00e7\u00f5es da institui\u00e7\u00e3o, desde sua inaugura\u00ac\u00e7\u00e3o. Voca\u00e7\u00e3o que se v\u00ea recompensada por acolher, em suas galerias, Luigi Mainolfi e Paolo Grassino. \u201cDesde 2006, temos o privil\u00e9gio de apresentar ao p\u00fablico obras-primas italianas de todas as \u00e9pocas, desde a arte cl\u00e1ssica dos antigos Romanos, passando pela Idade M\u00e9dia, o alto Renascimento, o Barroco e o Rococ\u00f3, at\u00e9 o Futurismo. A arte n\u00e3o para no tempo, ela continua e se transforma, como tudo na vida. Esta exposi\u00e7\u00e3o apresenta dois artistas da contemporaneidade italiana, que bem encarnam o esp\u00edrito dessa permanente transforma\u00e7\u00e3o\u201d, destaca.<\/p>\n<p>A exposi\u00e7\u00e3o O Corpo da Mat\u00e9ria. A Mat\u00e9ria do Corpo. Paolo Grassino e Luigi Mainolfi \u00e9 uma realiza\u00e7\u00e3o do Minist\u00e9rio da Cultura, por meio da Lei Federal de Incentivo \u00e0 Cultura, da Casa Fiat de Cultura e do Consulado da It\u00e1lia em Minas Gerais, com o patroc\u00ednio da Fiat Chrysler Autom\u00f3veis (FCA), CNH Industrial Capital, Banco Fidis, Fiat Chrysler Finan\u00e7as, New Holland Construction, Banco Safra e Verde Urbanismo. A mostra tem apoio institucional da Funda\u00e7\u00e3o Torino Escola Internacional, da Embaixada da It\u00e1lia em Bras\u00edlia, do Circuito Liberdade, Instituto Estadual do Patrim\u00f4nio Hist\u00f3rico (Iepha), Governo de Minas e Governo Federal. Conta ainda com o apoio das empresas: Banco Bonsucesso, MRV Engenharia, Etros Engenharia, Seris, Recicla BR, Piraferro, Tonin, Aethra Group, Denso e Teksid.<\/p>\n","protected":false},"excerpt":{"rendered":"Os artistas italianos Paolo Grassino e Luigi Mainolfi desembarcam na Casa Fiat de Cultura, de 5 de outubro a 3 de dezembro de 2017, para apresentar a exposi\u00e7\u00e3o O Corpo da Mat\u00e9ria. A Mat\u00e9ria do Corpo. A mostra de arte contempor\u00e2nea conta com 25 obras, entre esculturas, pinturas, instala\u00e7\u00f5es e videoarte, e inspira indaga\u00e7\u00f5es sobre [&hellip;]","protected":false},"author":1,"featured_media":0,"comment_status":"","ping_status":"","sticky":false,"template":"","format":"standard","meta":{"footnotes":""},"tags":[],"class_list":["post-1278","post","type-post","status-publish","format-standard","hentry"],"_links":{"self":[{"href":"https:\/\/consbelohorizonte.esteri.it\/pt\/wp-json\/wp\/v2\/posts\/1278","targetHints":{"allow":["GET"]}}],"collection":[{"href":"https:\/\/consbelohorizonte.esteri.it\/pt\/wp-json\/wp\/v2\/posts"}],"about":[{"href":"https:\/\/consbelohorizonte.esteri.it\/pt\/wp-json\/wp\/v2\/types\/post"}],"author":[{"embeddable":true,"href":"https:\/\/consbelohorizonte.esteri.it\/pt\/wp-json\/wp\/v2\/users\/1"}],"replies":[{"embeddable":true,"href":"https:\/\/consbelohorizonte.esteri.it\/pt\/wp-json\/wp\/v2\/comments?post=1278"}],"version-history":[{"count":0,"href":"https:\/\/consbelohorizonte.esteri.it\/pt\/wp-json\/wp\/v2\/posts\/1278\/revisions"}],"wp:attachment":[{"href":"https:\/\/consbelohorizonte.esteri.it\/pt\/wp-json\/wp\/v2\/media?parent=1278"}],"wp:term":[{"taxonomy":"post_tag","embeddable":true,"href":"https:\/\/consbelohorizonte.esteri.it\/pt\/wp-json\/wp\/v2\/tags?post=1278"}],"curies":[{"name":"wp","href":"https:\/\/api.w.org\/{rel}","templated":true}]}}