{"id":1272,"date":"2017-10-06T17:03:37","date_gmt":"2017-10-06T15:03:37","guid":{"rendered":"https:\/\/consbelohorizonte.esteri.it\/news\/dal_consolato\/2017\/10\/xvii-settimana-della-lingua-italiana-2\/"},"modified":"2017-10-06T17:03:37","modified_gmt":"2017-10-06T15:03:37","slug":"xvii-settimana-della-lingua-italiana-2","status":"publish","type":"post","link":"https:\/\/consbelohorizonte.esteri.it\/pt\/news\/dal_consolato\/2017\/10\/xvii-settimana-della-lingua-italiana-2\/","title":{"rendered":"XVII SEMANA DA LINGUA ITALIANA &#8212; 16-21 de outubro 2017"},"content":{"rendered":"<p>O Consulado da It\u00e1lia em Belo Horizonte, com a Funda\u00e7\u00e3o Torino e a UFMG &#8211; Universidade Federal de Minas Gerais, tem o prazer de apresentar a 17\u00aa edi\u00e7\u00e3o da Semana da L\u00edngua Italiana no Mundo, dedicada em 2017 ao tema: &#8220;O Italiano ao cinema; O italiano no cinema&#8221;. Mais uma vez, a iniciativa recebe o Alto Patroc\u00ednio do Presidente da Rep\u00fablica Italiana.<\/p>\n<p>A programa\u00e7\u00e3o ser\u00e1 realizada de acordo com o programa que voc\u00ea encontra \u00e0 sua direita, clicando na logomarca da Semana da L\u00edngua:<\/p>\n<p>&#8211; UFMG (FALE): abertura oficial em 16 de outubro \u00e0s 8h30. Durante o dia haver\u00e1 palestras e workshops organizados pelos estudantes e abertos ao p\u00fablico. Em particular, apresentamos os projetos idealizados pelos alunos da Funda\u00e7\u00e3o Torino, que fizeram um curta-metragem baseado na novela de Giovanni Boccaccio &#8220;Frate Cipolla e La Pena dell&#8217;Arcangelo Gabriele&#8221;. No dia 19 de outubro, \u00e0s 19h00, o coordenador cultural, Prof. Francesco Scaglione, acompanhar\u00e1 os espectadores na vis\u00e3o do\u00a0filme &#8220;Vou deixar quando quiser&#8221; &#8211; Masterclass&#8221;.<\/p>\n<p>&#8211; Funda\u00e7\u00e3o Torino: durante a Semana de Lingua e at\u00e9 31 de outubro de 2017, a Funda\u00e7\u00e3o realizar\u00e1 uma exposi\u00e7\u00e3o aberta ao p\u00fablico, dedicada aos cartazes dos mais importantes filmes italianos de ontem e de hoje.<\/p>\n<p>Por fim,\u00a0come\u00e7ando no dia 7\u00a0de novembro e por cinco semanas consecutivas, a UFMG apresentar\u00e1 cinco filmes italianos, selecionados entre os mais importantes dos \u00faltimos anos, em l\u00edngua original, legendados em portugu\u00eas, comentados pelos estudantes de italiano.<\/p>\n<p>O Consulado convida todos e todos a participarem e agradece pela colabora\u00e7\u00e3o da FALE-UFMG, a leitora Professora Rosalba Principato, toda a Funda\u00e7\u00e3o Torino na pessoa do Preside prof. Umberto Casarotti e o Instituto Italiano de Cultura de S\u00e3o Paulo.<\/p>\n","protected":false},"excerpt":{"rendered":"O Consulado da It\u00e1lia em Belo Horizonte, com a Funda\u00e7\u00e3o Torino e a UFMG &#8211; Universidade Federal de Minas Gerais, tem o prazer de apresentar a 17\u00aa edi\u00e7\u00e3o da Semana da L\u00edngua Italiana no Mundo, dedicada em 2017 ao tema: &#8220;O Italiano ao cinema; O italiano no cinema&#8221;. Mais uma vez, a iniciativa recebe o [&hellip;]","protected":false},"author":1,"featured_media":0,"comment_status":"","ping_status":"","sticky":false,"template":"","format":"standard","meta":{"footnotes":""},"tags":[],"class_list":["post-1272","post","type-post","status-publish","format-standard","hentry"],"_links":{"self":[{"href":"https:\/\/consbelohorizonte.esteri.it\/pt\/wp-json\/wp\/v2\/posts\/1272","targetHints":{"allow":["GET"]}}],"collection":[{"href":"https:\/\/consbelohorizonte.esteri.it\/pt\/wp-json\/wp\/v2\/posts"}],"about":[{"href":"https:\/\/consbelohorizonte.esteri.it\/pt\/wp-json\/wp\/v2\/types\/post"}],"author":[{"embeddable":true,"href":"https:\/\/consbelohorizonte.esteri.it\/pt\/wp-json\/wp\/v2\/users\/1"}],"replies":[{"embeddable":true,"href":"https:\/\/consbelohorizonte.esteri.it\/pt\/wp-json\/wp\/v2\/comments?post=1272"}],"version-history":[{"count":0,"href":"https:\/\/consbelohorizonte.esteri.it\/pt\/wp-json\/wp\/v2\/posts\/1272\/revisions"}],"wp:attachment":[{"href":"https:\/\/consbelohorizonte.esteri.it\/pt\/wp-json\/wp\/v2\/media?parent=1272"}],"wp:term":[{"taxonomy":"post_tag","embeddable":true,"href":"https:\/\/consbelohorizonte.esteri.it\/pt\/wp-json\/wp\/v2\/tags?post=1272"}],"curies":[{"name":"wp","href":"https:\/\/api.w.org\/{rel}","templated":true}]}}