{"id":1270,"date":"2017-10-13T18:16:47","date_gmt":"2017-10-13T16:16:47","guid":{"rendered":"https:\/\/consbelohorizonte.esteri.it\/news\/dal_consolato\/2017\/10\/ii-notte-italiana-a-montes-claros-2\/"},"modified":"2017-10-13T18:16:47","modified_gmt":"2017-10-13T16:16:47","slug":"ii-notte-italiana-a-montes-claros-2","status":"publish","type":"post","link":"https:\/\/consbelohorizonte.esteri.it\/pt\/news\/dal_consolato\/2017\/10\/ii-notte-italiana-a-montes-claros-2\/","title":{"rendered":"II NOITE ITALIANA EM MONTES CLAROS E VISITA DA CONSUL"},"content":{"rendered":"<p>Acontece em Montes Claros, nos dias 20 e 21 de outubro, a visita da C\u00f4nsul da Aurora Russi. \u00c9 a primeira vez que a C\u00f4nsul viaja ao norte de Minas Gerais e \u00e9 a primeira visita de um representante do Governo italiano a Montes Claros nos \u00faltimos vinte anos.<\/p>\n<p>A partir de 2016 a C\u00f4nsul instituiu um correspondente consular na cidade, o empres\u00e1rio Andrea Carpentieri, nascido em Salerno, residente em Montes Claros h\u00e1 v\u00e1rios anos. Com a presen\u00e7a e do trabalho de Carpentieri em Montes Carlos, o Consulado far\u00e1 uma visita bem articulada, com o intuito de aprofundar os la\u00e7os com o Norte de Minas Gerais e sua capital.<\/p>\n<p>A C\u00f4nsul, que ser\u00e1 acompanhada pelo vice-presidente executivo da C\u00e2mara de Com\u00e9rcio \u00cdtalo-brasileira de Minas Gerais, Raffaele Peano, vai se reunir com o Prefeito da cidade, com associa\u00e7\u00f5es locais e entidades comerciais e participar\u00e1 da segunda edi\u00e7\u00e3o da Noite Italiana, que arrecadar\u00e1 recursos para o orfanato do Bairro Todos os Santos.<\/p>\n","protected":false},"excerpt":{"rendered":"Acontece em Montes Claros, nos dias 20 e 21 de outubro, a visita da C\u00f4nsul da Aurora Russi. \u00c9 a primeira vez que a C\u00f4nsul viaja ao norte de Minas Gerais e \u00e9 a primeira visita de um representante do Governo italiano a Montes Claros nos \u00faltimos vinte anos. A partir de 2016 a C\u00f4nsul [&hellip;]","protected":false},"author":1,"featured_media":0,"comment_status":"","ping_status":"","sticky":false,"template":"","format":"standard","meta":{"footnotes":""},"tags":[],"class_list":["post-1270","post","type-post","status-publish","format-standard","hentry"],"_links":{"self":[{"href":"https:\/\/consbelohorizonte.esteri.it\/pt\/wp-json\/wp\/v2\/posts\/1270","targetHints":{"allow":["GET"]}}],"collection":[{"href":"https:\/\/consbelohorizonte.esteri.it\/pt\/wp-json\/wp\/v2\/posts"}],"about":[{"href":"https:\/\/consbelohorizonte.esteri.it\/pt\/wp-json\/wp\/v2\/types\/post"}],"author":[{"embeddable":true,"href":"https:\/\/consbelohorizonte.esteri.it\/pt\/wp-json\/wp\/v2\/users\/1"}],"replies":[{"embeddable":true,"href":"https:\/\/consbelohorizonte.esteri.it\/pt\/wp-json\/wp\/v2\/comments?post=1270"}],"version-history":[{"count":0,"href":"https:\/\/consbelohorizonte.esteri.it\/pt\/wp-json\/wp\/v2\/posts\/1270\/revisions"}],"wp:attachment":[{"href":"https:\/\/consbelohorizonte.esteri.it\/pt\/wp-json\/wp\/v2\/media?parent=1270"}],"wp:term":[{"taxonomy":"post_tag","embeddable":true,"href":"https:\/\/consbelohorizonte.esteri.it\/pt\/wp-json\/wp\/v2\/tags?post=1270"}],"curies":[{"name":"wp","href":"https:\/\/api.w.org\/{rel}","templated":true}]}}