{"id":1257,"date":"2017-11-01T14:57:37","date_gmt":"2017-11-01T13:57:37","guid":{"rendered":"https:\/\/consbelohorizonte.esteri.it\/news\/dal_consolato\/2017\/11\/visita-della-console-a-montes-claros-2\/"},"modified":"2017-11-01T14:57:37","modified_gmt":"2017-11-01T13:57:37","slug":"visita-della-console-a-montes-claros-2","status":"publish","type":"post","link":"https:\/\/consbelohorizonte.esteri.it\/pt\/news\/dal_consolato\/2017\/11\/visita-della-console-a-montes-claros-2\/","title":{"rendered":"VISITA DA C\u00d4NSUL EM MONTES CLAROS (20-21 de outubro de 2017)"},"content":{"rendered":"<p>Acompanhada pelo vice-presidente da C\u00e2mara de Com\u00e9rcio Raffaele Peano, a Consul Aurora Russi visitou Montes Claros, onde mora o correspondente consular Andrea Carpentieri, nomeado pelo Consulado no ano passado, primeiro representante consular honor\u00e1rio italiana no norte de Minas Gerais.<br \/>No programa da visita, reuni\u00f5es na Universidade do Estado Unimontes e no Pit\u00e1goras deixaram clara a voca\u00e7\u00e3o universit\u00e1ria da cidade, que j\u00e1 \u00e9 considerado um centro de excel\u00eancia em \u00e1reas como engenharia e medicina, assim como a hist\u00f3rica Santa Casa, um ponto de refer\u00eancia para uma regi\u00e3o de mais de dois milh\u00f5es de pessoas em um raio de mais de 300 km.<br \/>A Escola T\u00e9cnica Estadual, tamb\u00e9m inclu\u00edda no programa da visita, \u00e9 um centro de pesquisa de engenharia e oferece programas de treinamento personalizados para as empresas.<br \/>Al\u00e9m de um tecido de forma\u00e7\u00e3o e infraestrutura de bom n\u00edvel, Montes Claros pode oferecer a empresas italianas incentivos decorrentes da pertencia a uma \u00e1rea geogr\u00e1fica e historicamente mais dif\u00edcil, como o Prefeito da cidade Humberto Guimar\u00e3es Souto frisou no encontro com a Consul. Muito produtiva tamb\u00e9m foi a reuni\u00e3o com a AMAMS, associa\u00e7\u00e3o de munic\u00edpios da regi\u00e3o de Minas Gerais da Sudene, que a C\u00e2mara convidou, em Belo Horizonte, para que possam se apresentar \u00e0 comunidade empresarial italiana da cidade.<br \/>Grande sucesso, finalmente, da 2\u00aa edi\u00e7\u00e3o da &#8220;Noite Italiana&#8221;, que Carpentieri organizou a favor do orfanato do bairro de Todos os Santos.<br \/>Durante a visita, a C\u00f4nsul tamb\u00e9m realizou o cadastro das digitais para a renova\u00e7\u00e3o do passaporte de 5 concidad\u00e3os e concidad\u00e3s que moram na Regi\u00e3o e para quem a viagem a Belo Horizonte pode resultar dif\u00edcil. Um gesto que foi muito apreciado e que mais uma vez demonstra a validade do funcionamento do aparelho itinerante para os passaportes.<\/p>\n<p>\u00a0<\/p>\n<p>Na foto, a Consul com o Prefeito de Montes Claros Humberto Souto.<\/p>\n<p><img decoding=\"async\" alt=\"montes claros prefeito humberto souto e a cnsul italiana aurora russi 20 10 17 foto fbio maral \" src=\"resource\/img\/2017\/11\/montes_claros-_prefeito_humberto_souto_e_a_cnsul_italiana_aurora_russi-______20_10_17_foto_fbio_maral___.jpg\" \/><\/p>\n","protected":false},"excerpt":{"rendered":"Acompanhada pelo vice-presidente da C\u00e2mara de Com\u00e9rcio Raffaele Peano, a Consul Aurora Russi visitou Montes Claros, onde mora o correspondente consular Andrea Carpentieri, nomeado pelo Consulado no ano passado, primeiro representante consular honor\u00e1rio italiana no norte de Minas Gerais.No programa da visita, reuni\u00f5es na Universidade do Estado Unimontes e no Pit\u00e1goras deixaram clara a voca\u00e7\u00e3o [&hellip;]","protected":false},"author":1,"featured_media":0,"comment_status":"","ping_status":"","sticky":false,"template":"","format":"standard","meta":{"footnotes":""},"tags":[],"class_list":["post-1257","post","type-post","status-publish","format-standard","hentry"],"_links":{"self":[{"href":"https:\/\/consbelohorizonte.esteri.it\/pt\/wp-json\/wp\/v2\/posts\/1257","targetHints":{"allow":["GET"]}}],"collection":[{"href":"https:\/\/consbelohorizonte.esteri.it\/pt\/wp-json\/wp\/v2\/posts"}],"about":[{"href":"https:\/\/consbelohorizonte.esteri.it\/pt\/wp-json\/wp\/v2\/types\/post"}],"author":[{"embeddable":true,"href":"https:\/\/consbelohorizonte.esteri.it\/pt\/wp-json\/wp\/v2\/users\/1"}],"replies":[{"embeddable":true,"href":"https:\/\/consbelohorizonte.esteri.it\/pt\/wp-json\/wp\/v2\/comments?post=1257"}],"version-history":[{"count":0,"href":"https:\/\/consbelohorizonte.esteri.it\/pt\/wp-json\/wp\/v2\/posts\/1257\/revisions"}],"wp:attachment":[{"href":"https:\/\/consbelohorizonte.esteri.it\/pt\/wp-json\/wp\/v2\/media?parent=1257"}],"wp:term":[{"taxonomy":"post_tag","embeddable":true,"href":"https:\/\/consbelohorizonte.esteri.it\/pt\/wp-json\/wp\/v2\/tags?post=1257"}],"curies":[{"name":"wp","href":"https:\/\/api.w.org\/{rel}","templated":true}]}}