{"id":1255,"date":"2017-11-01T15:05:44","date_gmt":"2017-11-01T14:05:44","guid":{"rendered":"https:\/\/consbelohorizonte.esteri.it\/news\/dal_consolato\/2017\/11\/visita-della-console-a-sao-joao-2\/"},"modified":"2017-11-01T15:05:44","modified_gmt":"2017-11-01T14:05:44","slug":"visita-della-console-a-sao-joao-2","status":"publish","type":"post","link":"https:\/\/consbelohorizonte.esteri.it\/pt\/news\/dal_consolato\/2017\/11\/visita-della-console-a-sao-joao-2\/","title":{"rendered":"VISITA DA CONSUL A S\u00c3O JO\u00c3O DEL REI (11-12 e outubro de 2017)"},"content":{"rendered":"<p>A C\u00f4nsul participou da abertura do segundo festival italiano da \u201cColonia Viva\u201d, o primeiro experimento de agro turismo de origem italiana de Minas Gerais. A segunda edi\u00e7\u00e3o da festa foi realizada no aeroporto de S\u00e3o Jo\u00e3o del Rei e contou com a participa\u00e7\u00e3o de todos os integrantes da Col\u00f4nia viva, cada uma com sua pr\u00f3pria produ\u00e7\u00e3o feita com m\u00e9todos italianos tradicionais, e do piazzaiolo Mario Tacconi, da FIC &#8211; federa\u00e7\u00e3o dos cozinheiros italianos\u2013 Delega\u00e7\u00e3o Brasil).<\/p>\n<p>O artista Guido Boletti abriu uma exposi\u00e7\u00e3o com suas \u00faltimas pinturas, intitulada &#8220;Volare&#8221;. O pr\u00f3prio Boletti, durante a solenidade de abertura, na presen\u00e7a da Consul e do Prefeito da cidade, foi anunciado como o pr\u00f3ximo agente consular italiano honor\u00e1rio, na rec\u00e9m-criada Ag\u00eancia Consular Honor\u00e1ria.<\/p>\n<p>\u00a0<\/p>\n<p>Nas fotos, momentos da Festa e do C\u00f4nsul com Guido Boletti.<\/p>\n<p><img decoding=\"async\" alt=\"festa colonia viva\" src=\"resource\/img\/2017\/11\/festa_colonia_viva.jpg\" \/><\/p>\n<p><img decoding=\"async\" alt=\"festa colonia viva 2\" src=\"resource\/img\/2017\/11\/festa_colonia_viva_2.jpg\" \/><\/p>\n<p><img decoding=\"async\" alt=\"guido console\" src=\"resource\/img\/2017\/11\/guido__console.jpg\" \/><\/p>\n<p>\u00a0<\/p>\n","protected":false},"excerpt":{"rendered":"A C\u00f4nsul participou da abertura do segundo festival italiano da \u201cColonia Viva\u201d, o primeiro experimento de agro turismo de origem italiana de Minas Gerais. A segunda edi\u00e7\u00e3o da festa foi realizada no aeroporto de S\u00e3o Jo\u00e3o del Rei e contou com a participa\u00e7\u00e3o de todos os integrantes da Col\u00f4nia viva, cada uma com sua pr\u00f3pria [&hellip;]","protected":false},"author":1,"featured_media":0,"comment_status":"","ping_status":"","sticky":false,"template":"","format":"standard","meta":{"footnotes":""},"tags":[],"class_list":["post-1255","post","type-post","status-publish","format-standard","hentry"],"_links":{"self":[{"href":"https:\/\/consbelohorizonte.esteri.it\/pt\/wp-json\/wp\/v2\/posts\/1255","targetHints":{"allow":["GET"]}}],"collection":[{"href":"https:\/\/consbelohorizonte.esteri.it\/pt\/wp-json\/wp\/v2\/posts"}],"about":[{"href":"https:\/\/consbelohorizonte.esteri.it\/pt\/wp-json\/wp\/v2\/types\/post"}],"author":[{"embeddable":true,"href":"https:\/\/consbelohorizonte.esteri.it\/pt\/wp-json\/wp\/v2\/users\/1"}],"replies":[{"embeddable":true,"href":"https:\/\/consbelohorizonte.esteri.it\/pt\/wp-json\/wp\/v2\/comments?post=1255"}],"version-history":[{"count":0,"href":"https:\/\/consbelohorizonte.esteri.it\/pt\/wp-json\/wp\/v2\/posts\/1255\/revisions"}],"wp:attachment":[{"href":"https:\/\/consbelohorizonte.esteri.it\/pt\/wp-json\/wp\/v2\/media?parent=1255"}],"wp:term":[{"taxonomy":"post_tag","embeddable":true,"href":"https:\/\/consbelohorizonte.esteri.it\/pt\/wp-json\/wp\/v2\/tags?post=1255"}],"curies":[{"name":"wp","href":"https:\/\/api.w.org\/{rel}","templated":true}]}}