{"id":1253,"date":"2017-11-01T15:30:26","date_gmt":"2017-11-01T14:30:26","guid":{"rendered":"https:\/\/consbelohorizonte.esteri.it\/news\/dal_consolato\/2017\/11\/xvii-settimana-della-lingua-italiana_1-2\/"},"modified":"2017-11-01T15:30:26","modified_gmt":"2017-11-01T14:30:26","slug":"xvii-settimana-della-lingua-italiana_1-2","status":"publish","type":"post","link":"https:\/\/consbelohorizonte.esteri.it\/pt\/news\/dal_consolato\/2017\/11\/xvii-settimana-della-lingua-italiana_1-2\/","title":{"rendered":"XVII SEMANA DA L\u00cdNGUA ITALIANA NO MUNDO (16-21\/10\/2017)"},"content":{"rendered":"<p>Tamb\u00e9m em Belo Horizonte foi comemorada a XVII Semana da L\u00edngua Italiana do Mundo, que neste ano abordou o tema: &#8220;Italiano no Cinema, Italiano no Cinema&#8221;. Ap\u00f3s a abertura da UFMG, na presen\u00e7a da diretora da faculdade de Letras &#8211; FALE Graziella Ravetti, professores e estudantes da UFMG e da Funda\u00e7\u00e3o Torino apresentaram v\u00e1rios trabalhos elaborados a partir do tema da semana. Em particular, gostar\u00edamos de destacar os dois curta-metragens produzidos pelo ensino m\u00e9dio e pela materna da Funda\u00e7\u00e3o Torino, dispon\u00edveis na p\u00e1gina Youtube do Consulado ou aos seguntes links:<\/p>\n<p>FRATE CIPOLLA E LA PENNA DELL&#8217;ARCANGELO GABRIELE: <a href=\"https:\/\/youtu.be\/2t_6gMelXnM\">https:\/\/youtu.be\/2t_6gMelXnM<\/a><\/p>\n<p>LA NUVOLA ROSSA: <a href=\"https:\/\/youtu.be\/sYI4yoXSyb4\">https:\/\/youtu.be\/sYI4yoXSyb4<\/a><\/p>\n<p>Finalmente, na noite do dia 19, Francesco Scaglione acompanhou o publico da UFMG na vis\u00e3o de &#8220;Deixo quando eu quiser &#8211; masterclass&#8221;, inaugurando um pequeno festival de cinema dedicado ao cinema italiano contempor\u00e2neo, em lingua original, que acontecer\u00e1 a partir de 7 de novembro, por 5 semanas, todas as ter\u00e7as-feiras na UFMG.<\/p>\n<p><img decoding=\"async\" alt=\"apertura settimana ufmg\" src=\"resource\/img\/2017\/11\/apertura_settimana_ufmg.jpg\" \/><\/p>\n","protected":false},"excerpt":{"rendered":"Tamb\u00e9m em Belo Horizonte foi comemorada a XVII Semana da L\u00edngua Italiana do Mundo, que neste ano abordou o tema: &#8220;Italiano no Cinema, Italiano no Cinema&#8221;. Ap\u00f3s a abertura da UFMG, na presen\u00e7a da diretora da faculdade de Letras &#8211; FALE Graziella Ravetti, professores e estudantes da UFMG e da Funda\u00e7\u00e3o Torino apresentaram v\u00e1rios trabalhos [&hellip;]","protected":false},"author":1,"featured_media":0,"comment_status":"","ping_status":"","sticky":false,"template":"","format":"standard","meta":{"footnotes":""},"tags":[],"class_list":["post-1253","post","type-post","status-publish","format-standard","hentry"],"_links":{"self":[{"href":"https:\/\/consbelohorizonte.esteri.it\/pt\/wp-json\/wp\/v2\/posts\/1253","targetHints":{"allow":["GET"]}}],"collection":[{"href":"https:\/\/consbelohorizonte.esteri.it\/pt\/wp-json\/wp\/v2\/posts"}],"about":[{"href":"https:\/\/consbelohorizonte.esteri.it\/pt\/wp-json\/wp\/v2\/types\/post"}],"author":[{"embeddable":true,"href":"https:\/\/consbelohorizonte.esteri.it\/pt\/wp-json\/wp\/v2\/users\/1"}],"replies":[{"embeddable":true,"href":"https:\/\/consbelohorizonte.esteri.it\/pt\/wp-json\/wp\/v2\/comments?post=1253"}],"version-history":[{"count":0,"href":"https:\/\/consbelohorizonte.esteri.it\/pt\/wp-json\/wp\/v2\/posts\/1253\/revisions"}],"wp:attachment":[{"href":"https:\/\/consbelohorizonte.esteri.it\/pt\/wp-json\/wp\/v2\/media?parent=1253"}],"wp:term":[{"taxonomy":"post_tag","embeddable":true,"href":"https:\/\/consbelohorizonte.esteri.it\/pt\/wp-json\/wp\/v2\/tags?post=1253"}],"curies":[{"name":"wp","href":"https:\/\/api.w.org\/{rel}","templated":true}]}}