{"id":1248,"date":"2017-11-02T16:47:50","date_gmt":"2017-11-02T15:47:50","guid":{"rendered":"https:\/\/consbelohorizonte.esteri.it\/news\/dal_consolato\/2017\/11\/ordine-della-stella-d-italia-insigniti-2\/"},"modified":"2017-11-02T16:47:50","modified_gmt":"2017-11-02T15:47:50","slug":"ordine-della-stella-d-italia-insigniti-2","status":"publish","type":"post","link":"https:\/\/consbelohorizonte.esteri.it\/pt\/news\/dal_consolato\/2017\/11\/ordine-della-stella-d-italia-insigniti-2\/","title":{"rendered":"Ordem da Estrela da It\u00e1lia: Condecorados Leo Portela e Laura Medioli"},"content":{"rendered":"<p style=\"text-align: justify;\">Nos \u00faltimos dias, a C\u00f4nsul reuniu v\u00e1rios representantes da comunidade italiana para as cerim\u00f4nias de entrega do t\u00edtulo de \u201cCavaliere\u201d da Estrela da It\u00e1lia a Leo Portela, deputado do Estado de Minas Gerais, e a Laura Medioli, Diretora do di\u00e1rio O Tempo.<\/p>\n<p>Eis os respectivos motivos, aprovados pelo Presidente da Rep\u00fablica Sergio Mattarella e assinados pelo Ministro de Rela\u00e7\u00f5es Exteriores, Angelino Alfano.<\/p>\n<p><strong>LEO PORTELA<\/strong><\/p>\n<p>Dos pol\u00edticos de origem italiana em Minas Gerais, Portela \u00e9 o que mant\u00e9m o v\u00ednculo com a It\u00e1lia mais forte. Conhece perfeitamente nosso pa\u00eds e nosso idioma e participa de todas as atividades da comunidade italiana, contribuindo decisivamente para a dissemina\u00e7\u00e3o de nossa cultura em Minas Gerais. A idade jovem vai de m\u00e3os dadas com uma grande experi\u00eancia pol\u00edtica e uma habilidade incomum de criar uma rede, que n\u00e3o hesita em disponibilizar \u00e0 comunidade italiana em todas as suas express\u00f5es: um exemplo para todos, o tradicional Festival Italiano de Belo Horizonte, da qual Portela passou a ser porta-voz e garante com autoridades locais. Portela tamb\u00e9m cooperou com o Consulado para atender os principais investimentos italianos em Minas Gerais, proporcionando apoio institucional concreto e efetivo e criou um canal direto entre as institui\u00e7\u00f5es italianas, o Governo do Estado e a Assembleia Legislativa de Minas Gerais. Para a relev\u00e2ncia de sua atividade, a autoridade da pessoa e a capacidade de colocar o pr\u00f3prio capital pol\u00edtico e humano ao servi\u00e7o da Italia, Leo Portela \u00e9 considerado merecedor do t\u00edtulo de Cavaliere.<\/p>\n<p><strong>LAURA MEDIOLI<\/strong><\/p>\n<p>Figura t\u00edmida e quieta, mas ao mesmo tempo energ\u00e9tica e carism\u00e1tica, Laura Medioli \u00e9 uma s\u00f3lida refer\u00eancia para a sociedade de Minas Gerais, que elegeu os jornais da editora SEMPRE, por ela impecavelmente chefiada, como os melhores do Estado. Com um olho sempre interessado ao social, \u00e0 filantropia e \u00e0 comunidade, Laura Medioli adicionou ao seu trabalho como jornalista, editora e escritora um apoio cont\u00ednuo, discreto e eficaz \u00e0 comunidade italiana de Belo Horizonte, trabalhando desinteressadamente com as institui\u00e7\u00f5es italianas do Estado na divulga\u00e7\u00e3o das diferentes iniciativas: as elei\u00e7\u00f5es do Comites, as festas italianas, palestras, festivais de cinema, concertos e qualquer outro evento de promo\u00e7\u00e3o do Sistema Italia em Minas Gerais. Mantendo sempre independ\u00eancia e objetividade, O Tempo, gra\u00e7as a Laura, desempenha entre outras a fun\u00e7\u00e3o important\u00edssima de manter viva na consci\u00eancia dos habitantes de Minas Gerais o valor inestim\u00e1vel de suas origens italianas. Em reconhecimento aos servi\u00e7os prestados \u00e0s institui\u00e7\u00f5es italianas para a divulga\u00e7\u00e3o da nossa cultura e das nossas tradi\u00e7\u00f5es, Laura Medioli \u00e9 considerada merecedora do t\u00edtulo de Cavaliere.<\/p>\n","protected":false},"excerpt":{"rendered":"Nos \u00faltimos dias, a C\u00f4nsul reuniu v\u00e1rios representantes da comunidade italiana para as cerim\u00f4nias de entrega do t\u00edtulo de \u201cCavaliere\u201d da Estrela da It\u00e1lia a Leo Portela, deputado do Estado de Minas Gerais, e a Laura Medioli, Diretora do di\u00e1rio O Tempo. Eis os respectivos motivos, aprovados pelo Presidente da Rep\u00fablica Sergio Mattarella e assinados [&hellip;]","protected":false},"author":1,"featured_media":0,"comment_status":"","ping_status":"","sticky":false,"template":"","format":"standard","meta":{"footnotes":""},"tags":[],"class_list":["post-1248","post","type-post","status-publish","format-standard","hentry"],"_links":{"self":[{"href":"https:\/\/consbelohorizonte.esteri.it\/pt\/wp-json\/wp\/v2\/posts\/1248","targetHints":{"allow":["GET"]}}],"collection":[{"href":"https:\/\/consbelohorizonte.esteri.it\/pt\/wp-json\/wp\/v2\/posts"}],"about":[{"href":"https:\/\/consbelohorizonte.esteri.it\/pt\/wp-json\/wp\/v2\/types\/post"}],"author":[{"embeddable":true,"href":"https:\/\/consbelohorizonte.esteri.it\/pt\/wp-json\/wp\/v2\/users\/1"}],"replies":[{"embeddable":true,"href":"https:\/\/consbelohorizonte.esteri.it\/pt\/wp-json\/wp\/v2\/comments?post=1248"}],"version-history":[{"count":0,"href":"https:\/\/consbelohorizonte.esteri.it\/pt\/wp-json\/wp\/v2\/posts\/1248\/revisions"}],"wp:attachment":[{"href":"https:\/\/consbelohorizonte.esteri.it\/pt\/wp-json\/wp\/v2\/media?parent=1248"}],"wp:term":[{"taxonomy":"post_tag","embeddable":true,"href":"https:\/\/consbelohorizonte.esteri.it\/pt\/wp-json\/wp\/v2\/tags?post=1248"}],"curies":[{"name":"wp","href":"https:\/\/api.w.org\/{rel}","templated":true}]}}