{"id":1246,"date":"2017-11-02T16:52:10","date_gmt":"2017-11-02T15:52:10","guid":{"rendered":"https:\/\/consbelohorizonte.esteri.it\/news\/dal_consolato\/2017\/11\/federaminas-riunisce-il-corpo-consolare-2\/"},"modified":"2017-11-02T16:52:10","modified_gmt":"2017-11-02T15:52:10","slug":"federaminas-riunisce-il-corpo-consolare-2","status":"publish","type":"post","link":"https:\/\/consbelohorizonte.esteri.it\/pt\/news\/dal_consolato\/2017\/11\/federaminas-riunisce-il-corpo-consolare-2\/","title":{"rendered":"Federaminas reune Corpo Consular"},"content":{"rendered":"<p>No \u00faltimo dia 25 de outubro a Federaminas, Federa\u00e7\u00e3o das Associa\u00e7\u00f5es Comerciais de Minas Gerais, convidou, na sua sede da Avenida Afonso Pena, as c\u00f4nsules de carreira (da It\u00e1lia, Portugal, Estados Unidos, Uruguai), para apresentar-lhes as atividades da Federa\u00e7\u00e3o, caracterizadas por uma vasta capilaridade em todo territ\u00f3rio do Estado.<\/p>\n<p>Na sua interven\u00e7\u00e3o, a C\u00f4nsul Aurora Russi prop\u00f4s \u00e0 Federaminas para estipular um acordo de coopera\u00e7\u00e3o org\u00e2nica com a nossa C\u00e2mera de Com\u00e9rcio e de assist\u00eancia \u00e0s institui\u00e7\u00f5es italianas sensibilizando as Associa\u00e7\u00f5es Comerciais nas cidades onde est\u00e3o presentes nossas Ag\u00eancias Consulares honor\u00e1rias.<\/p>\n","protected":false},"excerpt":{"rendered":"No \u00faltimo dia 25 de outubro a Federaminas, Federa\u00e7\u00e3o das Associa\u00e7\u00f5es Comerciais de Minas Gerais, convidou, na sua sede da Avenida Afonso Pena, as c\u00f4nsules de carreira (da It\u00e1lia, Portugal, Estados Unidos, Uruguai), para apresentar-lhes as atividades da Federa\u00e7\u00e3o, caracterizadas por uma vasta capilaridade em todo territ\u00f3rio do Estado. Na sua interven\u00e7\u00e3o, a C\u00f4nsul Aurora [&hellip;]","protected":false},"author":1,"featured_media":0,"comment_status":"","ping_status":"","sticky":false,"template":"","format":"standard","meta":{"footnotes":""},"tags":[],"class_list":["post-1246","post","type-post","status-publish","format-standard","hentry"],"_links":{"self":[{"href":"https:\/\/consbelohorizonte.esteri.it\/pt\/wp-json\/wp\/v2\/posts\/1246","targetHints":{"allow":["GET"]}}],"collection":[{"href":"https:\/\/consbelohorizonte.esteri.it\/pt\/wp-json\/wp\/v2\/posts"}],"about":[{"href":"https:\/\/consbelohorizonte.esteri.it\/pt\/wp-json\/wp\/v2\/types\/post"}],"author":[{"embeddable":true,"href":"https:\/\/consbelohorizonte.esteri.it\/pt\/wp-json\/wp\/v2\/users\/1"}],"replies":[{"embeddable":true,"href":"https:\/\/consbelohorizonte.esteri.it\/pt\/wp-json\/wp\/v2\/comments?post=1246"}],"version-history":[{"count":0,"href":"https:\/\/consbelohorizonte.esteri.it\/pt\/wp-json\/wp\/v2\/posts\/1246\/revisions"}],"wp:attachment":[{"href":"https:\/\/consbelohorizonte.esteri.it\/pt\/wp-json\/wp\/v2\/media?parent=1246"}],"wp:term":[{"taxonomy":"post_tag","embeddable":true,"href":"https:\/\/consbelohorizonte.esteri.it\/pt\/wp-json\/wp\/v2\/tags?post=1246"}],"curies":[{"name":"wp","href":"https:\/\/api.w.org\/{rel}","templated":true}]}}