{"id":1241,"date":"2017-11-08T17:47:21","date_gmt":"2017-11-08T16:47:21","guid":{"rendered":"https:\/\/consbelohorizonte.esteri.it\/news\/dal_consolato\/2017\/11\/matrimonio-ezio-e-silvia-2\/"},"modified":"2017-11-08T17:47:21","modified_gmt":"2017-11-08T16:47:21","slug":"matrimonio-ezio-e-silvia-2","status":"publish","type":"post","link":"https:\/\/consbelohorizonte.esteri.it\/pt\/news\/dal_consolato\/2017\/11\/matrimonio-ezio-e-silvia-2\/","title":{"rendered":"MATRIMONIO EZIO E SILVIA"},"content":{"rendered":"<p>No \u00faltimo dia 03 de novembro a C\u00f4nsul Aurora Russi oficializou o primeiro casamento civil na nova sede do Consulado da It\u00e1lia em Belo Horizonte.<\/p>\n<p>Os noivos, Ezio e Silvia, moram na It\u00e1lia, mas t\u00eam uma rela\u00e7\u00e3o especial com Belo Horizonte, motivo pelo qual decidiram oficializar o enlace na \u2018nossa casa\u2019.<\/p>\n<p>Parab\u00e9ns!<\/p>\n<p><img decoding=\"async\" alt=\"per sito matrimonio 2\" src=\"resource\/img\/2017\/11\/per_sito_matrimonio_2.jpg\" \/><\/p>\n<p>Voc\u00ea tamb\u00e9m quer se casar no Consulado? <a href=\"http:\/\/www.consbelohorizonte.esteri.it\/consolato_belohorizonte\/it\/i_servizi\/per_i_cittadini\/stato_civile\/sposarsi-in-consolato.html\">Clique aqui<\/a>\u00a0para saber como fazer.<\/p>\n","protected":false},"excerpt":{"rendered":"No \u00faltimo dia 03 de novembro a C\u00f4nsul Aurora Russi oficializou o primeiro casamento civil na nova sede do Consulado da It\u00e1lia em Belo Horizonte. Os noivos, Ezio e Silvia, moram na It\u00e1lia, mas t\u00eam uma rela\u00e7\u00e3o especial com Belo Horizonte, motivo pelo qual decidiram oficializar o enlace na \u2018nossa casa\u2019. Parab\u00e9ns! Voc\u00ea tamb\u00e9m quer [&hellip;]","protected":false},"author":1,"featured_media":0,"comment_status":"","ping_status":"","sticky":false,"template":"","format":"standard","meta":{"footnotes":""},"tags":[],"class_list":["post-1241","post","type-post","status-publish","format-standard","hentry"],"_links":{"self":[{"href":"https:\/\/consbelohorizonte.esteri.it\/pt\/wp-json\/wp\/v2\/posts\/1241","targetHints":{"allow":["GET"]}}],"collection":[{"href":"https:\/\/consbelohorizonte.esteri.it\/pt\/wp-json\/wp\/v2\/posts"}],"about":[{"href":"https:\/\/consbelohorizonte.esteri.it\/pt\/wp-json\/wp\/v2\/types\/post"}],"author":[{"embeddable":true,"href":"https:\/\/consbelohorizonte.esteri.it\/pt\/wp-json\/wp\/v2\/users\/1"}],"replies":[{"embeddable":true,"href":"https:\/\/consbelohorizonte.esteri.it\/pt\/wp-json\/wp\/v2\/comments?post=1241"}],"version-history":[{"count":0,"href":"https:\/\/consbelohorizonte.esteri.it\/pt\/wp-json\/wp\/v2\/posts\/1241\/revisions"}],"wp:attachment":[{"href":"https:\/\/consbelohorizonte.esteri.it\/pt\/wp-json\/wp\/v2\/media?parent=1241"}],"wp:term":[{"taxonomy":"post_tag","embeddable":true,"href":"https:\/\/consbelohorizonte.esteri.it\/pt\/wp-json\/wp\/v2\/tags?post=1241"}],"curies":[{"name":"wp","href":"https:\/\/api.w.org\/{rel}","templated":true}]}}