{"id":1239,"date":"2017-11-08T18:06:37","date_gmt":"2017-11-08T17:06:37","guid":{"rendered":"https:\/\/consbelohorizonte.esteri.it\/news\/dal_consolato\/2017\/11\/visita-della-fondazione-torino-2\/"},"modified":"2017-11-08T18:06:37","modified_gmt":"2017-11-08T17:06:37","slug":"visita-della-fondazione-torino-2","status":"publish","type":"post","link":"https:\/\/consbelohorizonte.esteri.it\/pt\/news\/dal_consolato\/2017\/11\/visita-della-fondazione-torino-2\/","title":{"rendered":"Visita da Funda\u00e7\u00e3o Torino ao Consulado"},"content":{"rendered":"<p>No \u00faltimo dia 06 de novembro o Consulado recebeu a visita da Diretora\u00a0da Funda\u00e7\u00e3o Torino, M\u00e1rcia Naves, do Diretor Escolar, Umberto Casarotti, e de um grupo de alunos representativo de v\u00e1rias turmas.<\/p>\n<p>O motivo do encontro foi a entrega \u00e0 Funda\u00e7\u00e3o Torino do certificado oficial de participa\u00e7\u00e3o no concurso \u201c<em>Uno, Nessuno e Centomila<\/em>\u201d, lan\u00e7ado pelo Minist\u00e9rio da Educa\u00e7\u00e3o italiano \u2013 MIUR &#8211; em 2016, no qual a Funda\u00e7\u00e3o Torino distinguiu-se entre as escolas italianas no exterior.<\/p>\n<p>Os alunos e os diretores continuaram, depois, a visita com a C\u00f4nsul para conhecer melhor alguns aspectos do trabalho do Consulado, entre os quais a emiss\u00e3o de passaportes ou as fun\u00e7\u00f5es realizadas pelo setor de Registro Civil.<\/p>\n<p>E houve tamb\u00e9m quem aproveitou a visita para experimentar a sensa\u00e7\u00e3o de se sentar na cadeira e ocupar a mesa da C\u00f4nsul!<\/p>\n","protected":false},"excerpt":{"rendered":"No \u00faltimo dia 06 de novembro o Consulado recebeu a visita da Diretora\u00a0da Funda\u00e7\u00e3o Torino, M\u00e1rcia Naves, do Diretor Escolar, Umberto Casarotti, e de um grupo de alunos representativo de v\u00e1rias turmas. O motivo do encontro foi a entrega \u00e0 Funda\u00e7\u00e3o Torino do certificado oficial de participa\u00e7\u00e3o no concurso \u201cUno, Nessuno e Centomila\u201d, lan\u00e7ado pelo [&hellip;]","protected":false},"author":1,"featured_media":0,"comment_status":"","ping_status":"","sticky":false,"template":"","format":"standard","meta":{"footnotes":""},"tags":[],"class_list":["post-1239","post","type-post","status-publish","format-standard","hentry"],"_links":{"self":[{"href":"https:\/\/consbelohorizonte.esteri.it\/pt\/wp-json\/wp\/v2\/posts\/1239","targetHints":{"allow":["GET"]}}],"collection":[{"href":"https:\/\/consbelohorizonte.esteri.it\/pt\/wp-json\/wp\/v2\/posts"}],"about":[{"href":"https:\/\/consbelohorizonte.esteri.it\/pt\/wp-json\/wp\/v2\/types\/post"}],"author":[{"embeddable":true,"href":"https:\/\/consbelohorizonte.esteri.it\/pt\/wp-json\/wp\/v2\/users\/1"}],"replies":[{"embeddable":true,"href":"https:\/\/consbelohorizonte.esteri.it\/pt\/wp-json\/wp\/v2\/comments?post=1239"}],"version-history":[{"count":0,"href":"https:\/\/consbelohorizonte.esteri.it\/pt\/wp-json\/wp\/v2\/posts\/1239\/revisions"}],"wp:attachment":[{"href":"https:\/\/consbelohorizonte.esteri.it\/pt\/wp-json\/wp\/v2\/media?parent=1239"}],"wp:term":[{"taxonomy":"post_tag","embeddable":true,"href":"https:\/\/consbelohorizonte.esteri.it\/pt\/wp-json\/wp\/v2\/tags?post=1239"}],"curies":[{"name":"wp","href":"https:\/\/api.w.org\/{rel}","templated":true}]}}