{"id":1237,"date":"2017-11-08T18:15:30","date_gmt":"2017-11-08T17:15:30","guid":{"rendered":"https:\/\/consbelohorizonte.esteri.it\/news\/dal_consolato\/2017\/11\/la-console-riceve-la-medaglia-la-2\/"},"modified":"2017-11-08T18:15:30","modified_gmt":"2017-11-08T17:15:30","slug":"la-console-riceve-la-medaglia-la-2","status":"publish","type":"post","link":"https:\/\/consbelohorizonte.esteri.it\/pt\/news\/dal_consolato\/2017\/11\/la-console-riceve-la-medaglia-la-2\/","title":{"rendered":"A C\u00f4nsul da It\u00e1lia recebe a Medalha ao M\u00e9rito Consular"},"content":{"rendered":"<p>No \u00faltimo dia 06 de novembro, na sede da FIEMG, a C\u00f4nsul da It\u00e1lia foi distinguida com a Medalha ao M\u00e9rito Consular, honraria institu\u00edda pelo Corpo Consular de Minas Gerais em 2001.<\/p>\n<p>\u00c9 a primeira vez que um representante da It\u00e1lia recebe esta ins\u00edgnia e tamb\u00e9m \u00e9 a primeira vez que o Corpo Consular a atribui a um chefe de Consulado no cargo.<\/p>\n<p>Os outros premiados da noite foram: o Prefeito de Betim, Vittorio Medioli, o vice-presidente da Federa\u00e7\u00e3o da Ind\u00fastrias de Minas Gerais \u2013 FIEMG, Aguinaldo Diniz Filho, o Delegado Geral da Pol\u00edcia Federal e Superintendente Regional em Minas Gerais, Robinson Fuchs Brasilino, e o Embaixador Henrique da Silveira Sardinha Pinto, subsecret\u00e1rio geral das comunidades brasileiras e de servi\u00e7os consulares do Minist\u00e9rio do Exterior brasileiro.<\/p>\n<p>O pr\u00eamio foi entregue \u00e0 C\u00f4nsul pelo Presidente do Corpo Consular de Minas Gerais, Manoel Guimar\u00e3es Ferreira Neto, C\u00f4nsul Honor\u00e1rio da Turquia, e pelo Presidente da FIEMG, Olavo Machado Jr. Na cerim\u00f4nia estava presente o Senador Fausto Guilherme Longo, vindo de Roma para a cerim\u00f4nia (ver foto).<\/p>\n<p>A Deputada Renata Bueno, n\u00e3o podendo comparecer, inviou \u00e0 C\u00f4nsul\u00a0uma mensagem <a href=\"resource\/doc\/2017\/11\/medalha_consul_aurora_russi.pdf\">aqui publicada<\/a>.<\/p>\n<p><img decoding=\"async\" alt=\"fausto longo\" src=\"resource\/img\/2017\/11\/fausto_longo.jpg\" \/><\/p>\n<p>\u00a0<\/p>\n","protected":false},"excerpt":{"rendered":"No \u00faltimo dia 06 de novembro, na sede da FIEMG, a C\u00f4nsul da It\u00e1lia foi distinguida com a Medalha ao M\u00e9rito Consular, honraria institu\u00edda pelo Corpo Consular de Minas Gerais em 2001. \u00c9 a primeira vez que um representante da It\u00e1lia recebe esta ins\u00edgnia e tamb\u00e9m \u00e9 a primeira vez que o Corpo Consular a [&hellip;]","protected":false},"author":1,"featured_media":0,"comment_status":"","ping_status":"","sticky":false,"template":"","format":"standard","meta":{"footnotes":""},"tags":[],"class_list":["post-1237","post","type-post","status-publish","format-standard","hentry"],"_links":{"self":[{"href":"https:\/\/consbelohorizonte.esteri.it\/pt\/wp-json\/wp\/v2\/posts\/1237","targetHints":{"allow":["GET"]}}],"collection":[{"href":"https:\/\/consbelohorizonte.esteri.it\/pt\/wp-json\/wp\/v2\/posts"}],"about":[{"href":"https:\/\/consbelohorizonte.esteri.it\/pt\/wp-json\/wp\/v2\/types\/post"}],"author":[{"embeddable":true,"href":"https:\/\/consbelohorizonte.esteri.it\/pt\/wp-json\/wp\/v2\/users\/1"}],"replies":[{"embeddable":true,"href":"https:\/\/consbelohorizonte.esteri.it\/pt\/wp-json\/wp\/v2\/comments?post=1237"}],"version-history":[{"count":0,"href":"https:\/\/consbelohorizonte.esteri.it\/pt\/wp-json\/wp\/v2\/posts\/1237\/revisions"}],"wp:attachment":[{"href":"https:\/\/consbelohorizonte.esteri.it\/pt\/wp-json\/wp\/v2\/media?parent=1237"}],"wp:term":[{"taxonomy":"post_tag","embeddable":true,"href":"https:\/\/consbelohorizonte.esteri.it\/pt\/wp-json\/wp\/v2\/tags?post=1237"}],"curies":[{"name":"wp","href":"https:\/\/api.w.org\/{rel}","templated":true}]}}