{"id":1231,"date":"2017-11-16T16:00:34","date_gmt":"2017-11-16T15:00:34","guid":{"rendered":"https:\/\/consbelohorizonte.esteri.it\/news\/dal_consolato\/2017\/11\/temporada-de-natal-no-shopping-2\/"},"modified":"2017-11-16T16:00:34","modified_gmt":"2017-11-16T15:00:34","slug":"temporada-de-natal-no-shopping-2","status":"publish","type":"post","link":"https:\/\/consbelohorizonte.esteri.it\/pt\/news\/dal_consolato\/2017\/11\/temporada-de-natal-no-shopping-2\/","title":{"rendered":"Temporada de Natal no Shopping Cidade homenageia as tradi\u00e7\u00f5es italianas"},"content":{"rendered":"<p><img decoding=\"async\" src=\"resource\/img\/2017\/11\/bella_itlia_.png\" alt=\"bella itlia \" \/><\/p>\n<p>\u00a0<\/p>\n<p>A temporada de Natal do Shopping Cidade 2017 ir\u00e1 n\u00e3o apenas encantar o belo-horizontino, mas tamb\u00e9m transport\u00e1-lo para terras distantes: depois do sucesso da decora\u00e7\u00e3o natalina com tem\u00e1tica francesa no ano anterior, o mall decidiu apostar em um novo destino para o seu p\u00fablico e as charmosas paisagens da It\u00e1lia foram o cen\u00e1rio escolhido.<\/p>\n<p>A decora\u00e7\u00e3o ser\u00e1 apresentada no dia 08 de novembro, data em que o p\u00fablico poder\u00e1 ver de perto ambientes que remetem as tradi\u00e7\u00f5es italianas, como a parreira de uvas, f\u00e1brica de biscoitos, carrossel de lambretas, emp\u00f3rio do Papai Noel e a cl\u00e1ssica Fontana di Trevi, que receber\u00e1 moedas e desejos dos visitantes. Ao final da campanha de Natal, a renda arrecadada ser\u00e1 doada para o Hospital da Baleia. De acordo com a gerente de marketing do Shopping Cidade Carolina Vaz, o tema foi escolhido por causa do sucesso da decora\u00e7\u00e3o de 2016 que foi a cidade de Paris \u201cDecidimos escolher mais um lugar fascinante como a It\u00e1lia e homenagear a comunidade italiana, que tem uma presen\u00e7a muito forte em nosso estado\u201d, ressalta.<\/p>\n<p>Al\u00e9m da tem\u00e1tica italiana nos enfeites natalinos, a tradicional culin\u00e1ria tamb\u00e9m ser\u00e1 celebrada em oficinas dedicadas aos pequenos. Em parceria com o restaurante Spoletto, crian\u00e7as que visitarem o shopping poder\u00e3o participar do evento Piccolo Chef aos finais de semana. S\u00e3o aulas sobre a hist\u00f3ria da massa, de como produzi-la e ainda poder\u00e3o levar as suas cria\u00e7\u00f5es para casa.<\/p>\n<p><strong>Coquetel de Abertura<\/strong><\/p>\n<p>A festa de abertura da temporada de Natal no Shopping Cidade ir\u00e1 transportar cerca de 700 convidados para a Bella It\u00e1lia, tema da decora\u00e7\u00e3o deste ano no mall. O evento ter\u00e1 como anfitri\u00f5es os empreendedores e gestores do Shopping e acontecer\u00e1 na noite do dia 14 de novembro, a partir das 19h.<\/p>\n<p>Com um menu preparado por Paulo Turziani, chef Exclusivo da Barilla no Brasil, personalidades da imprensa, lojistas e convidados poder\u00e3o vivenciar um pouco da tradi\u00e7\u00f5es gastron\u00f4micas da It\u00e1lia com entradas da Pizzarella, drinks t\u00edpicos da regi\u00e3o feitas pelo famoso Help Bar e muita m\u00fasica com o Violinista Fl\u00e1vio Monteiro. Toda a festa est\u00e1 sendo preparada pela renomada Produtora de Eventos Let\u00edcia Bhering da Supernova.<\/p>\n<p>As lojas Track&#038;Field, Sephora, Ricardo Eletro, Rommanel, Morana e La Cremeria Venezianatamb\u00e9m participar\u00e3o da festa e estar\u00e3o abertas oferecendo promo\u00e7\u00f5es e brindes especiais para os convidados que quiserem aproveitar o evento e antecipar as compras de Natal.<\/p>\n<p><strong>Cantata de Natal<\/strong><\/p>\n<p>Os participantes do projeto Melhor Cidade, que oferece atividades recreativas para os vizinhos com mais de 60 anos do shopping, realizar\u00e3o a Cantata de Natal. Regidos pelo professor Rafael Pontes, o coral ir\u00e1 apresentar m\u00fasicas natalinas para celebrar o fim do ano nos dias 24\/11, 1\/12 e 8\/12 na Pra\u00e7a Central do Shopping, localizada no Piso Tupis.<\/p>\n<p><strong>Promo\u00e7\u00e3o<\/strong><\/p>\n<p>Os clientes que juntarem 380 reais em compras feitas nas lojas do Shopping Cidade a partir do dia 16\/11, poder\u00e3o trocar seus cupons fiscais por n\u00fameros da sorte para um sorteio de 100 mil reais em compras dentro do shopping e por um kit da Tramontina de frigideira e esp\u00e1tula estilizado especialmente para a campanha do mall. S\u00e3o tr\u00eas modelos exclusivos e cada CPF tem direito a retirada de at\u00e9 tr\u00eas itens.<\/p>\n<p><strong>Servi\u00e7o<\/strong><\/p>\n<p><strong>INAUGURA\u00c7\u00c3O DA DECORA\u00c7\u00c3O DE NATAL DO SHOPPING CIDADE<\/strong><\/p>\n<p><strong>Dia:<\/strong> 08\/11, aberto ao p\u00fablico ap\u00f3s as 12 horas<\/p>\n<p><strong>Entrada Gratuita<\/strong><\/p>\n<p><strong>CARROSSEL DE LAMBRETAS<\/strong><\/p>\n<p><strong>Data:<\/strong> 08\/11 a 30\/12<\/p>\n<p><strong>Hor\u00e1rio de Funcionamento:<\/strong> de segunda a s\u00e1bado das 10h \u00e0s 22h<\/p>\n<p>Domingos\/feriados de Novembro: das 10h \u00e0s 20h<br \/>Domingos\/feriados de Dezembro: das 10h \u00e0s 22h<\/p>\n<p><strong>Nos dias 14\/11 e 25\/12 n\u00e3o haver\u00e1 funcionamento<\/strong><\/p>\n<p><strong>PICCOLO CHEF<\/strong><\/p>\n<p><strong>Data:<\/strong> Todos os finais de semana, de 11\/11 a 17\/12<\/p>\n<p><strong>Hor\u00e1rio de Funcionamento:<\/strong> das 11h \u00e0s 19h<\/p>\n<p><strong>Inscri\u00e7\u00f5es feitas no local<\/strong><\/p>\n<p><strong>CANTATA DE NATAL<\/strong><\/p>\n<p><strong>Data:<\/strong> 24\/11, 1\/12, 8\/12<\/p>\n<p><strong>Hor\u00e1rio:<\/strong> 19h<\/p>\n<p><strong>Hor\u00e1rio de Funcionamento do Shopping Cidade: segunda-feira a s\u00e1bado, das 9h \u00e0s 22h, aos domingos, lojas das 10h \u00e0s 16h, e Pra\u00e7as de Alimenta\u00e7\u00e3o e Lazer das 10 \u00e0s 22 horas.<\/strong><\/p>\n<p><strong>Acompanhe o Shopping Cidade nas m\u00eddias sociais<\/strong><\/p>\n<p><strong>Site:<\/strong> http:\/\/www.shoppingcidade.com.br\/<\/p>\n<p><strong>Facebook:<\/strong> https:\/\/www.facebook.com\/shoppingcidade<\/p>\n<p><strong>Instagram:<\/strong> https:\/\/www.instagram.com\/shoppingcidade\/<\/p>\n<p><strong>Snapchat:<\/strong> shoppingcidade<\/p>\n<p><strong>Twitter:<\/strong> https:\/\/twitter.com\/shopping_cidade<\/p>\n<p><strong>Whatsapp:<\/strong> (31) 98443-7808<\/p>\n","protected":false},"excerpt":{"rendered":"\u00a0 A temporada de Natal do Shopping Cidade 2017 ir\u00e1 n\u00e3o apenas encantar o belo-horizontino, mas tamb\u00e9m transport\u00e1-lo para terras distantes: depois do sucesso da decora\u00e7\u00e3o natalina com tem\u00e1tica francesa no ano anterior, o mall decidiu apostar em um novo destino para o seu p\u00fablico e as charmosas paisagens da It\u00e1lia foram o cen\u00e1rio escolhido. [&hellip;]","protected":false},"author":1,"featured_media":0,"comment_status":"","ping_status":"","sticky":false,"template":"","format":"standard","meta":{"footnotes":""},"tags":[],"class_list":["post-1231","post","type-post","status-publish","format-standard","hentry"],"_links":{"self":[{"href":"https:\/\/consbelohorizonte.esteri.it\/pt\/wp-json\/wp\/v2\/posts\/1231","targetHints":{"allow":["GET"]}}],"collection":[{"href":"https:\/\/consbelohorizonte.esteri.it\/pt\/wp-json\/wp\/v2\/posts"}],"about":[{"href":"https:\/\/consbelohorizonte.esteri.it\/pt\/wp-json\/wp\/v2\/types\/post"}],"author":[{"embeddable":true,"href":"https:\/\/consbelohorizonte.esteri.it\/pt\/wp-json\/wp\/v2\/users\/1"}],"replies":[{"embeddable":true,"href":"https:\/\/consbelohorizonte.esteri.it\/pt\/wp-json\/wp\/v2\/comments?post=1231"}],"version-history":[{"count":0,"href":"https:\/\/consbelohorizonte.esteri.it\/pt\/wp-json\/wp\/v2\/posts\/1231\/revisions"}],"wp:attachment":[{"href":"https:\/\/consbelohorizonte.esteri.it\/pt\/wp-json\/wp\/v2\/media?parent=1231"}],"wp:term":[{"taxonomy":"post_tag","embeddable":true,"href":"https:\/\/consbelohorizonte.esteri.it\/pt\/wp-json\/wp\/v2\/tags?post=1231"}],"curies":[{"name":"wp","href":"https:\/\/api.w.org\/{rel}","templated":true}]}}