{"id":1229,"date":"2017-11-20T12:50:17","date_gmt":"2017-11-20T11:50:17","guid":{"rendered":"https:\/\/consbelohorizonte.esteri.it\/news\/dal_consolato\/2017\/11\/ii-settimana-della-cucina-italiana-2\/"},"modified":"2017-11-20T12:50:17","modified_gmt":"2017-11-20T11:50:17","slug":"ii-settimana-della-cucina-italiana-2","status":"publish","type":"post","link":"https:\/\/consbelohorizonte.esteri.it\/pt\/news\/dal_consolato\/2017\/11\/ii-settimana-della-cucina-italiana-2\/","title":{"rendered":"II Settimana della Cucina Italiana nel Mondo"},"content":{"rendered":"<p><img decoding=\"async\" alt=\"sett cucina banner\" src=\"resource\/img\/2017\/11\/sett_cucina_banner.png\" \/><\/p>\n<p>Entre os dias 20 e 26 de novembro de 2017 ser\u00e1 comemorada a II Settimana della Cucina Italiana nel Mondo, quando institui\u00e7\u00f5es italianas mundiais se mobilizar\u00e3o e realizar\u00e3o mais de mil eventos para promover os bons h\u00e1bitos alimentares italianos e seus pratos e ingredientes \u00fanicos.<\/p>\n<p><strong>1) FESTIVAL GASTRON\u00d4MICO DOS RESTAURANTES \u201cOSPITALIT\u00c0 ITALIANA\u201d<\/strong><\/p>\n<p>Em comemora\u00e7\u00e3o \u00e0 ocasi\u00e3o, o Consulado da It\u00e1lia em Belo Horizonte e a C\u00e2mara \u00cdtalo-Brasileira de Com\u00e9rcio, Ind\u00fastria e Agricultura de Minas Gerais promovem, juntamente com os restaurantes certificados pelo selo internacional Ospitalit\u00e0 Italiana em Minas Gerais, o Festival Gastron\u00f4mico dos Restaurantes Ospitalit\u00e0 Italiana.<\/p>\n<p>Baixe a apresenta\u00e7\u00e3o dos <strong><a href=\"resource\/doc\/2017\/11\/sett_cucina_menu.pdf\">Menus Comemorativos<\/a><\/strong>\u00a0oferecidos pelos principais chefs da gastronomia italiana em Minas e participe!<\/p>\n<p><strong>2) DEGUSTA\u00c7\u00c3O DE VINHOS, P\u00c3ES E AZEITES ITALIANOS<\/strong><\/p>\n<p>Uma aula-degusta\u00e7\u00e3o, realizada no dia 22 de novembro, para um grupo seleto de formadores de opini\u00e3o, membros da comunidade italiana e m\u00eddia local. O evento objetiva evidenciar a hist\u00f3ria e a import\u00e2ncia destes elementos da enogastronomia italiana: vinho, p\u00e3es e azeites.<\/p>\n<p>A experi\u00eancia enogastron\u00f4mica, conduzida pelo sommelier Renato Costa, presidente da Associa\u00e7\u00e3o Brasileira de Sommeliers \u2013 Se\u00e7\u00e3o Minas Gerais, e pela gastr\u00f4noma italiana Nella Cerino, especialista pela Universidade de Ci\u00eancias Gastron\u00f4micas de Polenzo (It\u00e1lia), \u00e9 uma combina\u00e7\u00e3o dos marcantes sabores e aromas da cozinha da It\u00e1lia.<\/p>\n<p><strong>3) PICCOLO CHEF<\/strong><\/p>\n<p>Al\u00e9m da tem\u00e1tica italiana nos enfeites natalinos que caracterizar\u00e1 a temporada de natal do Shopping Cidade (mais informa\u00e7\u00f5es &#8211;<strong><a href=\"http:\/\/www.consbelohorizonte.esteri.it\/consolato_belohorizonte\/pt\/la_comunicazione\/dal_consolato\/2017\/12\/temporada-de-natal-no-shopping.html\">clique aqui<\/a><\/strong>), a tradicional culin\u00e1ria tamb\u00e9m \u00e9 celebrada em oficinas dedicadas aos pequenos. Em parceria com o restaurante Spoleto, as crian\u00e7as que visitam o shopping podem participar do evento \u2018Piccolo Chef\u2019 aos finais de semana. S\u00e3o aulas sobre a hist\u00f3ria da massa, de como produzi-la e ainda podem levar as suas cria\u00e7\u00f5es para casa.<\/p>\n<p><strong>Servi\u00e7o<\/strong><\/p>\n<p><strong>Data:<\/strong> Todos os finais de semana, de 11\/11 a 17\/12<\/p>\n<p><strong>Hor\u00e1rio de Funcionamento:<\/strong> das 11h \u00e0s 19h<\/p>\n<p><strong>Obs.:<\/strong> Inscri\u00e7\u00f5es feitas no local.<\/p>\n","protected":false},"excerpt":{"rendered":"Entre os dias 20 e 26 de novembro de 2017 ser\u00e1 comemorada a II Settimana della Cucina Italiana nel Mondo, quando institui\u00e7\u00f5es italianas mundiais se mobilizar\u00e3o e realizar\u00e3o mais de mil eventos para promover os bons h\u00e1bitos alimentares italianos e seus pratos e ingredientes \u00fanicos. 1) FESTIVAL GASTRON\u00d4MICO DOS RESTAURANTES \u201cOSPITALIT\u00c0 ITALIANA\u201d Em comemora\u00e7\u00e3o \u00e0 [&hellip;]","protected":false},"author":1,"featured_media":0,"comment_status":"","ping_status":"","sticky":false,"template":"","format":"standard","meta":{"footnotes":""},"tags":[],"class_list":["post-1229","post","type-post","status-publish","format-standard","hentry"],"_links":{"self":[{"href":"https:\/\/consbelohorizonte.esteri.it\/pt\/wp-json\/wp\/v2\/posts\/1229","targetHints":{"allow":["GET"]}}],"collection":[{"href":"https:\/\/consbelohorizonte.esteri.it\/pt\/wp-json\/wp\/v2\/posts"}],"about":[{"href":"https:\/\/consbelohorizonte.esteri.it\/pt\/wp-json\/wp\/v2\/types\/post"}],"author":[{"embeddable":true,"href":"https:\/\/consbelohorizonte.esteri.it\/pt\/wp-json\/wp\/v2\/users\/1"}],"replies":[{"embeddable":true,"href":"https:\/\/consbelohorizonte.esteri.it\/pt\/wp-json\/wp\/v2\/comments?post=1229"}],"version-history":[{"count":0,"href":"https:\/\/consbelohorizonte.esteri.it\/pt\/wp-json\/wp\/v2\/posts\/1229\/revisions"}],"wp:attachment":[{"href":"https:\/\/consbelohorizonte.esteri.it\/pt\/wp-json\/wp\/v2\/media?parent=1229"}],"wp:term":[{"taxonomy":"post_tag","embeddable":true,"href":"https:\/\/consbelohorizonte.esteri.it\/pt\/wp-json\/wp\/v2\/tags?post=1229"}],"curies":[{"name":"wp","href":"https:\/\/api.w.org\/{rel}","templated":true}]}}