{"id":1224,"date":"2017-11-24T14:35:28","date_gmt":"2017-11-24T13:35:28","guid":{"rendered":"https:\/\/consbelohorizonte.esteri.it\/news\/dal_consolato\/2017\/11\/giornata-internazionale-per-l-eliminazione-2\/"},"modified":"2017-11-24T14:35:28","modified_gmt":"2017-11-24T13:35:28","slug":"giornata-internazionale-per-l-eliminazione-2","status":"publish","type":"post","link":"https:\/\/consbelohorizonte.esteri.it\/pt\/news\/dal_consolato\/2017\/11\/giornata-internazionale-per-l-eliminazione-2\/","title":{"rendered":"Jornada internacional para a elimina\u00e7\u00e3o da viol\u00eancia contra as mulheres"},"content":{"rendered":"<p><img decoding=\"async\" src=\"resource\/img\/2017\/11\/header_twitter.jpg\" alt=\"header twitter\" \/><\/p>\n<p>\u00a0<\/p>\n<p>A tutela e a promo\u00e7\u00e3o dos direitos das mulheres e a luta contra todo e qualquer tipo de discrimina\u00e7\u00e3o e viol\u00eancia de g\u00eanero s\u00e3o temas priorit\u00e1rios de a\u00e7\u00f5es da It\u00e1lia at\u00e9 mesmo no \u00e2mbito internacional. Em ocasi\u00e3o da Jornada internacional para a elimina\u00e7\u00e3o da viol\u00eancia contra as mulheres, a Farnesina reafirma seu empenho convicto sobre esses temas.<\/p>\n<p>A a\u00e7\u00e3o da It\u00e1lia est\u00e1 inspirada pela convic\u00e7\u00e3o que a promo\u00e7\u00e3o do empoderamento das mulheres de todas as idades e a luta contra a viol\u00eancia de g\u00eanero estejam estreitamente ligadas. A viol\u00eancia de g\u00eanero, inibindo a capacidade das mulheres de usufruir dos pr\u00f3prios direitos, representa um forte obst\u00e1culo \u00e0 sua realiza\u00e7\u00e3o e ao seu empoderamento. Do mesmo modo, a promo\u00e7\u00e3o do empoderamento feminino, baseando-se no reconhecimento da subjetividade pol\u00edtica, econ\u00f4mica e social das mulheres, ajuda a enfrentar os fen\u00f4menos de viol\u00eancia.<\/p>\n<p>A It\u00e1lia est\u00e1 ativamente comprometida com esses temas, seja no plano diplom\u00e1tico-negocial, seja no plano da coopera\u00e7\u00e3o ao desenvolvimento. Estamos na linha de frente das campanhas internacionais para a erradica\u00e7\u00e3o das mutila\u00e7\u00f5es das genitais femininas (MGF) e dos casamentos precoces e for\u00e7ados, especialmente promovendo e participando ativamente das tratativas para as resolu\u00e7\u00f5es da Assembleia Geral e do Conselho dos Direitos Humanos da ONU, e tamb\u00e9m financiando projetos de coopera\u00e7\u00e3o ao desenvolvimento para colocar fim a essas pr\u00e1ticas. Al\u00e9m disso, a It\u00e1lia apoia as iniciativas internacionais para a preven\u00e7\u00e3o da viol\u00eancia sexual nas situa\u00e7\u00f5es de conflito e de emerg\u00eancia, entre as quais a \u201cCall to Action on Protection from Gender-Based Violence in Emergencies\u201d. O nosso Pa\u00eds, comprometido h\u00e1 muito tempo tamb\u00e9m na promo\u00e7\u00e3o de uma pol\u00edtica de toler\u00e2ncia zero contra os abusos e a explora\u00e7\u00e3o sexual cometidos por militares e civis empregados nas miss\u00f5es de paz da ONU, em setembro passado aderiu ao \u201cCircle of Leadership\u201d promovido pelo Secret\u00e1rio Geral das Na\u00e7\u00f5es Unidas, Ant\u00f4nio Guterres, para atacar tais fen\u00f4menos e assinou o Voluntary Compact, um compromisso pol\u00edtico para realizar medidas voltadas para preveni-los e combat\u00ea-los. Tamb\u00e9m contribu\u00edmos para o financiamento do Fundo Fiduci\u00e1rio da ONU que apoia as v\u00edtimas da explora\u00e7\u00e3o e abusos sexuais por parte dos recrutados pelas Na\u00e7\u00f5es Unidas.<\/p>\n<p>Al\u00e9m disso, colocamos a prote\u00e7\u00e3o de mulheres e crian\u00e7as em situa\u00e7\u00f5es de conflito e a promo\u00e7\u00e3o do papel das mulheres nos processos de media\u00e7\u00e3o e preven\u00e7\u00e3o dos conflitos entre as prioridade do mandato da It\u00e1lia como membro n\u00e3o permanente do Conselho de Seguran\u00e7a das Na\u00e7\u00f5es Unidas em 2017. Concretamente, inserimos, nas resolu\u00e7\u00f5es e nos documentos adotados pelo Conselho, inclusive os mandatos das miss\u00f5es de manuten\u00e7\u00e3o da paz, disposi\u00e7\u00f5es espec\u00edficas que contribuam para o andamento da agenda \u2018Mulheres, Paz e Seguran\u00e7a\u2019, a prote\u00e7\u00e3o dos civis em situa\u00e7\u00f5es de conflito e a preven\u00e7\u00e3o e combate dos fen\u00f4menos de abuso e viol\u00eancia contra as mulheres por parte dos militares e civis da ONU. Tamb\u00e9m lan\u00e7amos, em 26 de outubro passado, a Rede das mulheres mediadoras da \u00e1rea mediterr\u00e2nea (Mediterranean Women Mediators Network, MWMN), um projeto concreto, e de longo prazo, para apoiar as mulheres consideradas \u201catrizes para a paz\u201d na regi\u00e3o Mediterr\u00e2nea, cuja pacifica\u00e7\u00e3o e estabiliza\u00e7\u00e3o \u00e9 crucial para todos.<\/p>\n<p>O tema do empoderamento feminino foi tamb\u00e9m um pilar da Presid\u00eancia Italiana do G7, que viu a ado\u00e7\u00e3o, durante o V\u00e9rtice de Taormina, da \u201cRoadmap for a gender-responsive economic empowerment\u201d e o desenvolvimento do primeiro G7 Oportunidades Iguais.<\/p>\n<p>Quanto \u00e0s atividades de coopera\u00e7\u00e3o para o desenvolvimento, o tema da desigualdade de g\u00eanero e empoderamento das mulheres continua a ser uma prioridade transversal de todos os projetos de coopera\u00e7\u00e3o juntamente com as iniciativas espec\u00edficas dedicadas \u00e0s mulheres, jovens e crian\u00e7as, alinhado com o objetivo de desenvolvimento sustent\u00e1vel n\u00ba 5 da agenda 2030 das Na\u00e7\u00f5es Unidas e com a renovada prioridade de tal setor no debate multilateral sobre o desenvolvimento. A It\u00e1lia acolheu muito favoravelmente o lan\u00e7amento da iniciativa contra todas as formas de viol\u00eancia contra as mulheres promovido pela Uni\u00e3o Europeia em parceria com as Na\u00e7\u00f5es Unidas (EU-UM Gender Initiative).<\/p>\n","protected":false},"excerpt":{"rendered":"\u00a0 A tutela e a promo\u00e7\u00e3o dos direitos das mulheres e a luta contra todo e qualquer tipo de discrimina\u00e7\u00e3o e viol\u00eancia de g\u00eanero s\u00e3o temas priorit\u00e1rios de a\u00e7\u00f5es da It\u00e1lia at\u00e9 mesmo no \u00e2mbito internacional. Em ocasi\u00e3o da Jornada internacional para a elimina\u00e7\u00e3o da viol\u00eancia contra as mulheres, a Farnesina reafirma seu empenho convicto [&hellip;]","protected":false},"author":1,"featured_media":0,"comment_status":"","ping_status":"","sticky":false,"template":"","format":"standard","meta":{"footnotes":""},"tags":[],"class_list":["post-1224","post","type-post","status-publish","format-standard","hentry"],"_links":{"self":[{"href":"https:\/\/consbelohorizonte.esteri.it\/pt\/wp-json\/wp\/v2\/posts\/1224","targetHints":{"allow":["GET"]}}],"collection":[{"href":"https:\/\/consbelohorizonte.esteri.it\/pt\/wp-json\/wp\/v2\/posts"}],"about":[{"href":"https:\/\/consbelohorizonte.esteri.it\/pt\/wp-json\/wp\/v2\/types\/post"}],"author":[{"embeddable":true,"href":"https:\/\/consbelohorizonte.esteri.it\/pt\/wp-json\/wp\/v2\/users\/1"}],"replies":[{"embeddable":true,"href":"https:\/\/consbelohorizonte.esteri.it\/pt\/wp-json\/wp\/v2\/comments?post=1224"}],"version-history":[{"count":0,"href":"https:\/\/consbelohorizonte.esteri.it\/pt\/wp-json\/wp\/v2\/posts\/1224\/revisions"}],"wp:attachment":[{"href":"https:\/\/consbelohorizonte.esteri.it\/pt\/wp-json\/wp\/v2\/media?parent=1224"}],"wp:term":[{"taxonomy":"post_tag","embeddable":true,"href":"https:\/\/consbelohorizonte.esteri.it\/pt\/wp-json\/wp\/v2\/tags?post=1224"}],"curies":[{"name":"wp","href":"https:\/\/api.w.org\/{rel}","templated":true}]}}