{"id":1219,"date":"2017-12-04T17:11:22","date_gmt":"2017-12-04T16:11:22","guid":{"rendered":"https:\/\/consbelohorizonte.esteri.it\/news\/dal_consolato\/2017\/12\/quartas-italianas-la-musica-nel-2\/"},"modified":"2017-12-04T17:11:22","modified_gmt":"2017-12-04T16:11:22","slug":"quartas-italianas-la-musica-nel-2","status":"publish","type":"post","link":"https:\/\/consbelohorizonte.esteri.it\/pt\/news\/dal_consolato\/2017\/12\/quartas-italianas-la-musica-nel-2\/","title":{"rendered":"&#8216;Quartas Italianas&#8217; &#8211; A m\u00fasica no Renascimento: Palestrina e a Escola Romana"},"content":{"rendered":"<p>O ciclo de palestras &#8216;<em>Quartas Italianas<\/em>&#8216; da Casa Fiat de Cultura, em colabora\u00e7\u00e3o com a Funda\u00e7\u00e3o Torino e o Consulado da It\u00e1lia, encerra esta edi\u00e7\u00e3o que tratou assuntos voltados para a hist\u00f3ria e cultura de Roma.<\/p>\n<p>Nesta quarta, <strong>06 de dezembro<\/strong>, \u00e0s <strong>19h30<\/strong>, acontece a \u00faltima palestra do ciclo de 2017. O tema ser\u00e1 &#8216;<strong>A m\u00fasica no Renascimento: Palestrina e a Escola Romana&#8217;<\/strong>. A musicista e professora da Funda\u00e7\u00e3o Torino, Clarissa Sodano, dar\u00e1 destaque para o trabalho do grande compositor Giovanni Pierluigi da Palestrina.<\/p>\n<p>Entrada Gratuita<br \/>Espa\u00e7o Multiuso da Casa Fiat de Cultura<br \/>Pra\u00e7a da Liberdade, 10 \u2013 Funcion\u00e1rios \u2013 BH\/MG<br \/>4\u00ba andar<br \/>Espa\u00e7o sujeito \u00e0 lota\u00e7\u00e3o (200 lugares)<br \/>www.casafiatdecultura.com.br<br \/>casafiat@casafiat.com.br<br \/>facebook.com.br\/casafiatdecultura<br \/>Instagram: @casafiatdecultura<br \/>www.circuitoculturalliberdade.com.<\/p>\n","protected":false},"excerpt":{"rendered":"O ciclo de palestras &#8216;Quartas Italianas&#8216; da Casa Fiat de Cultura, em colabora\u00e7\u00e3o com a Funda\u00e7\u00e3o Torino e o Consulado da It\u00e1lia, encerra esta edi\u00e7\u00e3o que tratou assuntos voltados para a hist\u00f3ria e cultura de Roma. Nesta quarta, 06 de dezembro, \u00e0s 19h30, acontece a \u00faltima palestra do ciclo de 2017. O tema ser\u00e1 &#8216;A [&hellip;]","protected":false},"author":1,"featured_media":0,"comment_status":"","ping_status":"","sticky":false,"template":"","format":"standard","meta":{"footnotes":""},"tags":[],"class_list":["post-1219","post","type-post","status-publish","format-standard","hentry"],"_links":{"self":[{"href":"https:\/\/consbelohorizonte.esteri.it\/pt\/wp-json\/wp\/v2\/posts\/1219","targetHints":{"allow":["GET"]}}],"collection":[{"href":"https:\/\/consbelohorizonte.esteri.it\/pt\/wp-json\/wp\/v2\/posts"}],"about":[{"href":"https:\/\/consbelohorizonte.esteri.it\/pt\/wp-json\/wp\/v2\/types\/post"}],"author":[{"embeddable":true,"href":"https:\/\/consbelohorizonte.esteri.it\/pt\/wp-json\/wp\/v2\/users\/1"}],"replies":[{"embeddable":true,"href":"https:\/\/consbelohorizonte.esteri.it\/pt\/wp-json\/wp\/v2\/comments?post=1219"}],"version-history":[{"count":0,"href":"https:\/\/consbelohorizonte.esteri.it\/pt\/wp-json\/wp\/v2\/posts\/1219\/revisions"}],"wp:attachment":[{"href":"https:\/\/consbelohorizonte.esteri.it\/pt\/wp-json\/wp\/v2\/media?parent=1219"}],"wp:term":[{"taxonomy":"post_tag","embeddable":true,"href":"https:\/\/consbelohorizonte.esteri.it\/pt\/wp-json\/wp\/v2\/tags?post=1219"}],"curies":[{"name":"wp","href":"https:\/\/api.w.org\/{rel}","templated":true}]}}