{"id":1217,"date":"2017-12-08T15:32:51","date_gmt":"2017-12-08T14:32:51","guid":{"rendered":"https:\/\/consbelohorizonte.esteri.it\/news\/dal_consolato\/2017\/12\/messa-di-natale-2\/"},"modified":"2017-12-08T15:32:51","modified_gmt":"2017-12-08T14:32:51","slug":"messa-di-natale-2","status":"publish","type":"post","link":"https:\/\/consbelohorizonte.esteri.it\/pt\/news\/dal_consolato\/2017\/12\/messa-di-natale-2\/","title":{"rendered":"Missa de Natal"},"content":{"rendered":"<p>O Comites \u2013 Comitato degli Italiani all\u2019Estero, atrav\u00e9s da Presidente Silvana Sica, convida para a Missa Messa de Natal 2017, a ser celebrada no dia 11 dicembre, \u00e0s 19.30, na Basilica de Nossa Senhora de Lourdes. Ap\u00f2s a Missa, ser\u00e1 distribuido um brinde Natalino.<\/p>\n<p>R. da Bahia, 1596 &#8211; Lourdes, Belo Horizonte &#8211; MG, 30140-071<\/p>\n","protected":false},"excerpt":{"rendered":"O Comites \u2013 Comitato degli Italiani all\u2019Estero, atrav\u00e9s da Presidente Silvana Sica, convida para a Missa Messa de Natal 2017, a ser celebrada no dia 11 dicembre, \u00e0s 19.30, na Basilica de Nossa Senhora de Lourdes. Ap\u00f2s a Missa, ser\u00e1 distribuido um brinde Natalino. R. da Bahia, 1596 &#8211; Lourdes, Belo Horizonte &#8211; MG, 30140-071","protected":false},"author":1,"featured_media":0,"comment_status":"","ping_status":"","sticky":false,"template":"","format":"standard","meta":{"footnotes":""},"tags":[],"class_list":["post-1217","post","type-post","status-publish","format-standard","hentry"],"_links":{"self":[{"href":"https:\/\/consbelohorizonte.esteri.it\/pt\/wp-json\/wp\/v2\/posts\/1217","targetHints":{"allow":["GET"]}}],"collection":[{"href":"https:\/\/consbelohorizonte.esteri.it\/pt\/wp-json\/wp\/v2\/posts"}],"about":[{"href":"https:\/\/consbelohorizonte.esteri.it\/pt\/wp-json\/wp\/v2\/types\/post"}],"author":[{"embeddable":true,"href":"https:\/\/consbelohorizonte.esteri.it\/pt\/wp-json\/wp\/v2\/users\/1"}],"replies":[{"embeddable":true,"href":"https:\/\/consbelohorizonte.esteri.it\/pt\/wp-json\/wp\/v2\/comments?post=1217"}],"version-history":[{"count":0,"href":"https:\/\/consbelohorizonte.esteri.it\/pt\/wp-json\/wp\/v2\/posts\/1217\/revisions"}],"wp:attachment":[{"href":"https:\/\/consbelohorizonte.esteri.it\/pt\/wp-json\/wp\/v2\/media?parent=1217"}],"wp:term":[{"taxonomy":"post_tag","embeddable":true,"href":"https:\/\/consbelohorizonte.esteri.it\/pt\/wp-json\/wp\/v2\/tags?post=1217"}],"curies":[{"name":"wp","href":"https:\/\/api.w.org\/{rel}","templated":true}]}}