{"id":1215,"date":"2017-12-08T15:48:44","date_gmt":"2017-12-08T14:48:44","guid":{"rendered":"https:\/\/consbelohorizonte.esteri.it\/news\/dal_consolato\/2017\/12\/momento-grazie-2017-2\/"},"modified":"2017-12-08T15:48:44","modified_gmt":"2017-12-08T14:48:44","slug":"momento-grazie-2017-2","status":"publish","type":"post","link":"https:\/\/consbelohorizonte.esteri.it\/pt\/news\/dal_consolato\/2017\/12\/momento-grazie-2017-2\/","title":{"rendered":"MOMENTO GRAZIE 2017"},"content":{"rendered":"<p>No \u00faltimo dia 04 de dezembro foram entregues na nova Sede do Consulado da It\u00e1lia os diplomas do \u201cMomento Grazie\u201d 2017.<\/p>\n<p>Nascida h\u00e1 tr\u00eas anos, a iniciativa tem o objetivo de agradecer os parceiros institucionais, pessoas, representantes da imprensa, associa\u00e7\u00f5es e empresas que durante o ano apoiaram o Consulado da It\u00e1lia e as institui\u00e7\u00f5es italianas de Minas Gerais na realiza\u00e7\u00e3o de eventos para a promo\u00e7\u00e3o do Sistema It\u00e1lia.<\/p>\n<p>Entre os premiados, estava o Secret\u00e1rio de Estado da\u00a0Cultura, \u00c2ngelo Oswaldo de Ara\u00fajo Santos (foto), as empresas patrocinadoras da Mostra de Paolo Grassino e Luigi Mainolfi montada na Casa Fiat de Cultura, a Fonda\u00e7\u00e3o Torino, a C\u00e2mera de Com\u00e9rcio, a Acibra, o Corpo Consular de Minas Gerais e o fot\u00f3grafo Edy Fernandes (foto).<\/p>\n<p><img decoding=\"async\" src=\"resource\/img\/2017\/12\/per_sito.jpg\" alt=\"per sito\" \/><br \/><img decoding=\"async\" src=\"resource\/img\/2017\/12\/per_sito_momento_grazie_angelo.jpg\" alt=\"per sito momento grazie angelo\" \/><br \/><img decoding=\"async\" src=\"resource\/img\/2017\/12\/edy_fernandes_aurora_russi_per_sito.jpg\" alt=\"edy fernandes aurora russi per sito\" \/><\/p>\n<p>Fotografie: Edy Fernandes<\/p>\n","protected":false},"excerpt":{"rendered":"No \u00faltimo dia 04 de dezembro foram entregues na nova Sede do Consulado da It\u00e1lia os diplomas do \u201cMomento Grazie\u201d 2017. Nascida h\u00e1 tr\u00eas anos, a iniciativa tem o objetivo de agradecer os parceiros institucionais, pessoas, representantes da imprensa, associa\u00e7\u00f5es e empresas que durante o ano apoiaram o Consulado da It\u00e1lia e as institui\u00e7\u00f5es italianas [&hellip;]","protected":false},"author":1,"featured_media":0,"comment_status":"","ping_status":"","sticky":false,"template":"","format":"standard","meta":{"footnotes":""},"tags":[],"class_list":["post-1215","post","type-post","status-publish","format-standard","hentry"],"_links":{"self":[{"href":"https:\/\/consbelohorizonte.esteri.it\/pt\/wp-json\/wp\/v2\/posts\/1215","targetHints":{"allow":["GET"]}}],"collection":[{"href":"https:\/\/consbelohorizonte.esteri.it\/pt\/wp-json\/wp\/v2\/posts"}],"about":[{"href":"https:\/\/consbelohorizonte.esteri.it\/pt\/wp-json\/wp\/v2\/types\/post"}],"author":[{"embeddable":true,"href":"https:\/\/consbelohorizonte.esteri.it\/pt\/wp-json\/wp\/v2\/users\/1"}],"replies":[{"embeddable":true,"href":"https:\/\/consbelohorizonte.esteri.it\/pt\/wp-json\/wp\/v2\/comments?post=1215"}],"version-history":[{"count":0,"href":"https:\/\/consbelohorizonte.esteri.it\/pt\/wp-json\/wp\/v2\/posts\/1215\/revisions"}],"wp:attachment":[{"href":"https:\/\/consbelohorizonte.esteri.it\/pt\/wp-json\/wp\/v2\/media?parent=1215"}],"wp:term":[{"taxonomy":"post_tag","embeddable":true,"href":"https:\/\/consbelohorizonte.esteri.it\/pt\/wp-json\/wp\/v2\/tags?post=1215"}],"curies":[{"name":"wp","href":"https:\/\/api.w.org\/{rel}","templated":true}]}}