{"id":1211,"date":"2017-12-08T16:31:48","date_gmt":"2017-12-08T15:31:48","guid":{"rendered":"https:\/\/consbelohorizonte.esteri.it\/news\/dal_consolato\/2017\/12\/i-giganti-della-montagna-pirandello-2\/"},"modified":"2017-12-08T16:31:48","modified_gmt":"2017-12-08T15:31:48","slug":"i-giganti-della-montagna-pirandello-2","status":"publish","type":"post","link":"https:\/\/consbelohorizonte.esteri.it\/pt\/news\/dal_consolato\/2017\/12\/i-giganti-della-montagna-pirandello-2\/","title":{"rendered":"OS GIGANTES DA MONTANHA \u2013 PIRANDELLO E GRUPO GALP\u00c3O NA CASA FIAT"},"content":{"rendered":"<p>Comemorando os 120 anos do anivers\u00e1rio da funda\u00e7\u00e3o de Belo Horizonte, a Casa Fiat de Cultura presenteia o p\u00fablico da capital mineira com as cores e a alegria do Grupo Galp\u00e3o.<\/p>\n<p>O consagrado grupo teatral apresenta um sarau do espet\u00e1culo \u201cOs Gigantes da Montanha\u201d, com uma sele\u00e7\u00e3o musical das can\u00e7\u00f5es italianas da pe\u00e7a com a dire\u00e7\u00e3o de Gabriel Villela e texto original de Luigi Pirandello.<\/p>\n<p>Unindo o tradicional e o moderno, m\u00fasicas como \u201cCiao Amore\u201d e \u201cBella Ciao\u201d ganham novos arranjos e ilustram trechos da f\u00e1bula que narra a chegada de uma companhia teatral decadente a uma vila m\u00e1gica.<\/p>\n<p>O sarau celebra os 35 anos do Grupo Galp\u00e3o e os 150 anos do nascimento de Luigi Pirandello. A iniciativa que une, mais uma vez, a arte mineira e italiana, \u00e9 fruto da colabora\u00e7\u00e3o entre Casa Fiat de Cultura, Funda\u00e7\u00e3o Torino e o Consulado da It\u00e1lia em Belo Horizonte.<\/p>\n<p>Quando: 12 de dezembro, 19 h<\/p>\n<p>Onde: Casa Fiat de Cultura<\/p>\n<p>Entrada gratuita<\/p>\n<p><img decoding=\"async\" src=\"resource\/img\/2017\/12\/per_sito_giganti_montagna.jpg\" alt=\"per sito giganti montagna\" \/><\/p>\n","protected":false},"excerpt":{"rendered":"Comemorando os 120 anos do anivers\u00e1rio da funda\u00e7\u00e3o de Belo Horizonte, a Casa Fiat de Cultura presenteia o p\u00fablico da capital mineira com as cores e a alegria do Grupo Galp\u00e3o. O consagrado grupo teatral apresenta um sarau do espet\u00e1culo \u201cOs Gigantes da Montanha\u201d, com uma sele\u00e7\u00e3o musical das can\u00e7\u00f5es italianas da pe\u00e7a com a [&hellip;]","protected":false},"author":1,"featured_media":0,"comment_status":"","ping_status":"","sticky":false,"template":"","format":"standard","meta":{"footnotes":""},"tags":[],"class_list":["post-1211","post","type-post","status-publish","format-standard","hentry"],"_links":{"self":[{"href":"https:\/\/consbelohorizonte.esteri.it\/pt\/wp-json\/wp\/v2\/posts\/1211","targetHints":{"allow":["GET"]}}],"collection":[{"href":"https:\/\/consbelohorizonte.esteri.it\/pt\/wp-json\/wp\/v2\/posts"}],"about":[{"href":"https:\/\/consbelohorizonte.esteri.it\/pt\/wp-json\/wp\/v2\/types\/post"}],"author":[{"embeddable":true,"href":"https:\/\/consbelohorizonte.esteri.it\/pt\/wp-json\/wp\/v2\/users\/1"}],"replies":[{"embeddable":true,"href":"https:\/\/consbelohorizonte.esteri.it\/pt\/wp-json\/wp\/v2\/comments?post=1211"}],"version-history":[{"count":0,"href":"https:\/\/consbelohorizonte.esteri.it\/pt\/wp-json\/wp\/v2\/posts\/1211\/revisions"}],"wp:attachment":[{"href":"https:\/\/consbelohorizonte.esteri.it\/pt\/wp-json\/wp\/v2\/media?parent=1211"}],"wp:term":[{"taxonomy":"post_tag","embeddable":true,"href":"https:\/\/consbelohorizonte.esteri.it\/pt\/wp-json\/wp\/v2\/tags?post=1211"}],"curies":[{"name":"wp","href":"https:\/\/api.w.org\/{rel}","templated":true}]}}